{"id":13323,"date":"2015-05-14T12:11:21","date_gmt":"2015-05-14T10:11:21","guid":{"rendered":"http:\/\/pn86.noblogs.org\/?p=13323"},"modified":"2015-05-14T12:11:21","modified_gmt":"2015-05-14T10:11:21","slug":"poitiers-action-pour-laccueil-durgence","status":"publish","type":"post","link":"https:\/\/pn86.noblogs.org\/?p=13323","title":{"rendered":"[Poitiers] Action pour l&rsquo;accueil d&rsquo;urgence"},"content":{"rendered":"<p><a href=\"http:\/\/www.lanouvellerepublique.fr\/Vienne\/Actualite\/Economie-social\/n\/Contenus\/Articles\/2015\/05\/14\/Poitiers-un-nouvel-accueil-d-urgence-en-fevrier-2328277\" target=\"_blank\"><strong>Poitiers : un nouvel accueil d&rsquo;urgence en f\u00e9vrier<\/strong><\/a><\/p>\n<p>Le collectif poitevin DNSI \u00ab\u00a0D&rsquo;ailleurs Nous Sommes d&rsquo;Ici\u00a0\u00bb qui rassemble associations, syndicats et partis politiques pour soutenir les migrants, sans-papier, pr\u00e9caires, a organis\u00e9 un rassemblement, hier en fin de matin\u00e9e,devant la DDCS (Direction D\u00e9partementale de la Coh\u00e9sion Sociale), rue Ostermeyer \u00e0 Poitiers.<\/p>\n<p>Une douzaine de personnes dont deux \u00e9lues du groupe d&rsquo;oppositionmunicipale \u00ab\u00a0Osons Poitiers\u00a0\u00bb a r\u00e9pondu \u00e0 cet appel. L&rsquo;objectif du collectif \u00e9tait d&rsquo;obtenir des informations quant au devenir des personnes prises en charge par le centre d&rsquo;accueil d&rsquo;urgence sociale (CHUS) de la Croix Rouge, dans le quartier de Montbernage. \u00ab\u00a0<i>On demande \u00e0 \u00eatre re\u00e7u par la Direction, <\/i>a indiqu\u00e9 le porte-parole de ce collectif qui d\u00e9nonce depuis la fin de l&rsquo;ann\u00e9e 2013, <i>la v\u00e9tust\u00e9 des locaux de l&rsquo;accueil Montbernage.\u00a0<\/i>\u00bb<\/p>\n<p><span class=\"inter\">A l&rsquo;h\u00f4tel en attendant<\/span><\/p>\n<p>Bien que sans rendez-vous, le groupe a \u00e9t\u00e9 convi\u00e9 \u00e0 une entrevue avec Fran\u00e7oise Linsolas, directrice du service. \u00ab\u00a0<i>Et au cours de la discussion, nous avons appris que le CHUS avait \u00e9t\u00e9 ferm\u00e9 \u00e0 la suite de la chute d&rsquo;une cloison survenue le 23\u00a0avril. La Croix Rouge a demand\u00e9 \u00e0 la Ville d&rsquo;ouvrir le gymnase des Ecossais pour poursuivre cet accueil d&rsquo;urgence.\u00a0<\/i>\u00bb Il a \u00e9t\u00e9 assur\u00e9 dans ces locaux jusqu&rsquo;\u00e0 la fin des vacances. \u00ab\u00a0<i>Depuis lundi, les 25\u00a0places d&rsquo;accueil d&rsquo;urgences sont r\u00e9parties dans diff\u00e9rents h\u00f4tels de Poitiers.\u00a0<\/i>\u00bb<br \/>\nCette situation ne devrait perdurer, en raison des difficult\u00e9s d&rsquo;accompagnement et de co\u00fbt. Lors de cette entrevue \u2013 et toujours selon le collectif\u2013 la DDCS serait \u00e0 la recherche d&rsquo;un h\u00e9bergement permettant l&rsquo;accueil d&rsquo;hommes, de femmes et de familles et cela pendant plusieurs mois, \u00ab<i>\u00a0jusqu&rsquo;\u00e0 la construction d&rsquo;un nouveau CHUS\u00a0<\/i>\u00bb indique le porte-parole. Si on ignore tout de sa localisation pr\u00e9cise, on apprend que le futur centre devrait ouvrir en f\u00e9vrier\u00a02016, dans l&rsquo;agglom\u00e9ration poitevine \u00ab\u00a0<i>et en deux temps. Une premi\u00e8re phase sera constuite pour accueillir durablement les 25\u00a0places existantes avant la cr\u00e9ation, dans un second temps, de 35\u00a0nouvelles places.\u00a0<\/i>\u00bb Si ce projet satisfait le collectif qui trouve encore \u00ab\u00a0<i>inacceptable le traitement d&rsquo;une situation pourtant connue\u00a0<\/i>\u00bb reste vigilant. \u00abCe CHUS doit ouvrir en continu, <i> de jour et de nuit et offrir un accompagnent.\u00a0<\/i>\u00bb<\/p>\n<div class=\"infosAuteur\"><em><span class=\"nom_auteur\">S.H., Nouvelle R\u00e9publique, 14 mai 2015<\/span><\/em><\/div>\n<p>&nbsp;<\/p>\n","protected":false},"excerpt":{"rendered":"<p>Poitiers : un nouvel accueil d&rsquo;urgence en f\u00e9vrier Le collectif poitevin DNSI \u00ab\u00a0D&rsquo;ailleurs Nous Sommes d&rsquo;Ici\u00a0\u00bb qui rassemble associations, syndicats et partis politiques pour soutenir les migrants, sans-papier, pr\u00e9caires, a organis\u00e9 un rassemblement, hier en fin de matin\u00e9e,devant la DDCS &hellip; <a href=\"https:\/\/pn86.noblogs.org\/?p=13323\">Continuer la lecture <span class=\"meta-nav\">&rarr;<\/span><\/a><\/p>\n","protected":false},"author":2691,"featured_media":0,"comment_status":"open","ping_status":"open","sticky":false,"template":"","format":"standard","meta":{"footnotes":""},"categories":[48],"tags":[],"class_list":["post-13323","post","type-post","status-publish","format-standard","hentry","category-un-toit-cest-un-droit"],"_links":{"self":[{"href":"https:\/\/pn86.noblogs.org\/index.php?rest_route=\/wp\/v2\/posts\/13323","targetHints":{"allow":["GET"]}}],"collection":[{"href":"https:\/\/pn86.noblogs.org\/index.php?rest_route=\/wp\/v2\/posts"}],"about":[{"href":"https:\/\/pn86.noblogs.org\/index.php?rest_route=\/wp\/v2\/types\/post"}],"author":[{"embeddable":true,"href":"https:\/\/pn86.noblogs.org\/index.php?rest_route=\/wp\/v2\/users\/2691"}],"replies":[{"embeddable":true,"href":"https:\/\/pn86.noblogs.org\/index.php?rest_route=%2Fwp%2Fv2%2Fcomments&post=13323"}],"version-history":[{"count":1,"href":"https:\/\/pn86.noblogs.org\/index.php?rest_route=\/wp\/v2\/posts\/13323\/revisions"}],"predecessor-version":[{"id":13324,"href":"https:\/\/pn86.noblogs.org\/index.php?rest_route=\/wp\/v2\/posts\/13323\/revisions\/13324"}],"wp:attachment":[{"href":"https:\/\/pn86.noblogs.org\/index.php?rest_route=%2Fwp%2Fv2%2Fmedia&parent=13323"}],"wp:term":[{"taxonomy":"category","embeddable":true,"href":"https:\/\/pn86.noblogs.org\/index.php?rest_route=%2Fwp%2Fv2%2Fcategories&post=13323"},{"taxonomy":"post_tag","embeddable":true,"href":"https:\/\/pn86.noblogs.org\/index.php?rest_route=%2Fwp%2Fv2%2Ftags&post=13323"}],"curies":[{"name":"wp","href":"https:\/\/api.w.org\/{rel}","templated":true}]}}