{"id":13305,"date":"2015-04-26T10:08:35","date_gmt":"2015-04-26T08:08:35","guid":{"rendered":"http:\/\/pn86.noblogs.org\/?p=13305"},"modified":"2015-04-26T10:09:33","modified_gmt":"2015-04-26T08:09:33","slug":"sur-un-communique-de-generation-identitaire-poitou","status":"publish","type":"post","link":"https:\/\/pn86.noblogs.org\/?p=13305","title":{"rendered":"Sur un communiqu\u00e9 de \u00ab G\u00e9n\u00e9ration identitaire Poitou \u00bb"},"content":{"rendered":"<p align=\"JUSTIFY\"><strong>Sur un communiqu\u00e9 de \u00ab G\u00e9n\u00e9ration identitaire Poitou \u00bb<\/strong><\/p>\n<p align=\"JUSTIFY\">Le confusionnisme a le vent en poupe, et l\u2019extr\u00eame-droite s\u2019y adonne \u00e0 c\u0153ur joie, en particulier sur la fachosph\u00e8re internet. Dans ce microcosme d\u2019individus surtout riv\u00e9s \u00e0 leurs \u00e9crans, d\u00e9versant leur mal-\u00eatre et leur haine sur les plus opprim\u00e9-e-s, la surench\u00e8re et le buzz pr\u00e9valent, quitte \u00e0 dire n\u2019importe quoi et son contraire. Les militants de G\u00e9n\u00e9ration identitaire l\u2019ont bien compris. Ils se disent ainsi \u00ab r\u00e9gionalistes \u00bb et abjurent le \u00ab jacobinisme \u00bb tout en encensant l\u2019\u00c9tat fran\u00e7ais, dont l\u2019extension et l\u2019emprise g\u00e9ographique, y compris dans le Poitou dont ils disent d\u00e9fendre l\u2019identit\u00e9 et l\u2019histoire, se r\u00e9sume pourtant depuis des si\u00e8cles \u00e0 la destruction de toute forme d\u2019autonomie populaire. Ils vouent m\u00eame une sorte de culte path\u00e9tique, \u00e0 travers le ridicule slogan \u00ab Je suis Charlie Martel \u00bb [sic] ou une banderole d\u00e9ploy\u00e9e sur le toit d\u2019une mosqu\u00e9e, \u00e0 la m\u00e9moire d\u2019un type mort il y a belle lurette, maire du palais et de fait souverain des Francs, ayant profit\u00e9 de la bataille de Poitiers pour asservir les habitant-e-s de l\u2019Aquitaine (dont ils disent repr\u00e9senter la m\u00e9moire) puis mener des razzias meurtri\u00e8res jusqu\u2019en Provence. Mais ces identitaires lui passent volontiers toutes ces exactions, puisque ce sinistre personnage a aussi tap\u00e9 sur des musulman-e-s.<\/p>\n<p align=\"JUSTIFY\">Les identitaires geignent aussi r\u00e9guli\u00e8rement sur le manque de libert\u00e9 d\u2019expression sur la voie publique, tout en voulant r\u00e9primer celles de leurs \u00ab ennemis \u00bb. Ils d\u00e9noncent le \u00ab manich\u00e9isme bien-mal \u00bb et le qualificatif de fascistes, mais rejettent la faute de tous les probl\u00e8mes du monde sur l\u2019\u00e9pouvantail \u00ab l\u2019immigration-islamisation-invasion \u00bb. Ils pr\u00f4nent le concept fascisant de \u00ab remigration \u00bb, sous-entendant ainsi leur volont\u00e9, si ces gugusses venaient \u00e0 prendre le pouvoir, de faire techniquement pire que les gouvernements technocratiques successifs, en mati\u00e8re de lois racistes, d\u2019enfermement dans des camps, d\u2019expulsion comptable cynique et absurde de migrants. Ils parlent de \u00ab vivre en paix \u00bb tout en qualifiant une partie des prol\u00e9taires d\u2019\u00ab ennemis \u00bb \u00e0 \u00ab combattre \u00bb avec \u00ab d\u2019autres m\u00e9thodes \u00bb que le crayon. Ils font les louanges de la \u00ab femme fran\u00e7aise \u00bb libre, en accumulant les clich\u00e9s sexistes les plus pitoyables. Bref, ils se disent \u00ab anti-syst\u00e8me \u00bb tout en adoptant jusqu\u2019\u00e0 la caricature le langage naus\u00e9eux et mensonger de l\u2019\u00c9tat, du patronat et des journalistes, disant seulement un peu plus fort ce que les dominants ne cessent de susurrer \u00e0 nos oreilles. Nous ne savons plus s\u2019il faut en pleurer ou en rire.<\/p>\n<p align=\"JUSTIFY\">Le samedi 18 avril dernier \u00e0 Poitiers, <a href=\"http:\/\/www.lanouvellerepublique.fr\/Vienne\/Actualite\/Faits-divers-justice\/n\/Contenus\/Articles\/2015\/04\/18\/Chasse-a-l-homme-entre-Poitiers-et-Buxerolles-apres-une-folle-course-poursuite-2299915\" target=\"_blank\">une voiture a pris la fuite pour \u00e9viter un contr\u00f4le routier et un policier a ouvert le feu sur le v\u00e9hicule. Une course-poursuite s\u2019est engag\u00e9e, lors de laquelle ce v\u00e9hicule a fonc\u00e9 sur une moto de police et a percut\u00e9 un policier, qui a \u00e9t\u00e9 bless\u00e9<\/a>. G\u00e9n\u00e9ration identitaire Poitou a cru bon d\u2019utiliser cette information pour produire <a href=\"https:\/\/www.facebook.com\/generation.identitaire.poitou\/photos\/a.706921795988257.1073741828.706915442655559\/1063622780318155\/?type=1&amp;theater\" target=\"_blank\">un \u00e9ni\u00e8me \u00ab communiqu\u00e9 \u00bb sur facebook<\/a>, illustration parfaite de leur strat\u00e9gie politicarde de communication spectaculaire \u00e0 outrance, o\u00f9 l\u2019on retrouve leur \u00e9nonciation coutumi\u00e8re de contradictions et de confusions \u00e9bourrifantes, notamment au sujet de la police, des \u00ab racailles \u00bb et des \u00ab anarchistes \u00bb.<\/p>\n<p align=\"JUSTIFY\">La \u00ab tentative d\u2019homicide \u00bb qu\u2019ils y d\u00e9noncent ne vise ainsi que l\u2019automobiliste, pas les coups de feu du policier qui auraient aussi pu tuer ledit automobiliste sans autre forme de proc\u00e8s. Ils affirment que \u00ab l\u2019uniforme (\u2026) repr\u00e9sente la s\u00e9curit\u00e9 en France \u00bb, et vilipendent ceux qui \u00ab d\u00e9cr\u00e9dibilisent \u00bb l\u2019uniforme. Les identitaires feignent ici d\u2019ignorer les nombreuses victimes de la police, et parmi elles aussi bien les migrant-e-s que des camarades, qui bouffent amendes, enfermement, mutilations et mort. Nous notons juste un \u00e9ni\u00e8me revirement politicard lambda de leur propre uniforme (mais le lambda n\u2019est-il pas leur signe de reconnaissance ?). Ne se plaignaient-ils pas eux-m\u00eames, il y a un mois, de l\u2019intervention de policiers lors du d\u00e9ploiement d\u2019une banderole ? Ne d\u00e9non\u00e7aient-ils pas \u00e0 cette occasion la \u00ab r\u00e9pression polici\u00e8re \u00e0 l\u2019encontre de ceux qui contestent le pouvoir en place \u00bb, cette \u00ab police politique de la pens\u00e9e \u00bb qui les \u00ab classe comme dissidents \u00bb, \u00ab contr\u00f4le avec vigueur la libre expression sur la voie publique \u00bb ?<\/p>\n<p align=\"JUSTIFY\">Leur indignation est d\u00e9cid\u00e9ment \u00e0 g\u00e9om\u00e9trie fort variable : ils montent sur leurs petits ergots et jouent sur vid\u00e9o les victimes outr\u00e9es par l\u2019action de la police, quand elle leur arrache une pauvre banderole et les emp\u00eache de scander des messages racistes sur la voie publique, mais ils prennent sa d\u00e9fense et la soutiennent sans r\u00e9serve quand s\u2019agit d\u2019arr\u00eater \u00ab les racailles \u00bb. Un louvoiement politique aussi d\u00e9complex\u00e9 en dit long sur leurs m\u00e9thodes et l&rsquo;opportunisme de leur engagement, tout aussi politicards que n\u2019importe quel machinerie partidaire. Leur confusionnisme est d\u2019ailleurs si grossier qu\u2019ils vont jusqu\u2019\u00e0 le revendiquer ouvertement depuis les attentats de janvier dernier, dans ce slogan ironique \u00ab pas d\u2019amalgames \u00bb, identifiant les migrant-e-s \u00e0 des terroristes.<\/p>\n<p align=\"JUSTIFY\">De toute \u00e9vidence, cette r\u00e9cup\u00e9ration d\u2019un fait divers n\u2019est que le pr\u00e9texte, une fois de plus, \u00e0 l\u2019\u00e9panchement de leur parano\u00efa obsessionnelle (\u00ab l\u2019immigration \u00bb et \u00ab les anarchistes \u00bb, sources de tous les maux du monde), mais ils y d\u00e9montrent aussi leur m\u00e9connaissance profonde de ces \u00ab ennemis \u00bb qu\u2019ils se d\u00e9signent. Nous ne reviendrons pas ici sur leur vision des migrant-e-s comme une menace, cette vieille litanie des classes dominantes pour bourrer le cr\u00e2ne aux prol\u00e9taires qui devient, chez les identitaires, un psittacisme navrant ; nous avons d\u00e9j\u00e0 \u00e9crit moult articles <a href=\"https:\/\/fa86.noblogs.org\/?p=12200\" target=\"_blank\">pour tordre le cou aux d\u00e9lires x\u00e9nophobes<\/a>, arguments que ces paum\u00e9s sont incapables d\u2019entendre, aveugl\u00e9s par une parano\u00efa maladive qui fait aussi leur fonds de commerce.<\/p>\n<p align=\"JUSTIFY\">Ces clowns parlent aussi des \u00ab anarchistes \u00bb, en des termes qui feraient presque piti\u00e9 pour leur ignorance. L\u2019emploi d\u2019un oxymore aussi sid\u00e9rant qu\u2019\u00ab \u00c9tat anarchiste \u00bb refl\u00e8te ainsi une inculture politique consternante, quand on sait que l\u2019anarchisme d\u00e9fend le f\u00e9d\u00e9ralisme libertaire (ou la d\u00e9mocratie directe), qui s\u2019oppose radicalement \u00e0 l\u2019\u00c9tat en tant qu\u2019organisation hi\u00e9rarchiste, centraliste et autoritaire de la soci\u00e9t\u00e9. Contrairement \u00e0 l\u2019\u00ab identitarisme \u00bb de pacotille de G\u00e9n\u00e9ration identitaire d\u00e9non\u00e7ant hypocritement \u00ab le capitalisme \u00bb tout en faisant l\u2019\u00e9loge des patrons et \u00ab la citoyennet\u00e9 r\u00e9publicaine d\u00e9sincarn\u00e9e \u00bb pour en reprendre tous les poncifs les plus \u00e9cul\u00e9s, les anarchistes luttent contre la d\u00e9possession \u00e9conomique et politique, et pour l\u2019autonomie populaire. Confront\u00e9s \u00e0 la mis\u00e8re existentielle si caract\u00e9ristique de la soci\u00e9t\u00e9 capitaliste, les identitaires s\u2019inventent quant \u00e0 eux une \u00ab identit\u00e9 \u00bb fantasm\u00e9e \u00e0 laquelle se raccrocher, sur la base d\u2019une accumulation de clich\u00e9s en toc, sorte de collection d\u2019images d\u2019\u00c9pinal, version album Panini (voir leur logo local fait de bric et de broc, m\u00ealant le lambda lac\u00e9d\u00e9monien au blason du Poitou).<\/p>\n<p align=\"JUSTIFY\">Ces \u00ab identitaires \u00bb amoureux de l\u2019ordre, surtout l\u2019ordre actuel des choses, condamnent par ailleurs \u00ab les communiqu\u00e9s des anarchistes se targuant des forces de l\u2019ordre \u00bb [sic]. Vous avez bien lu : les identitaires emploient ici le verbe \u00ab se targuer \u00bb, qui signifie \u00ab se pr\u00e9valoir de \u00bb. Les anarchistes ne se targuent \u00e9videmment pas de la police, qui joue le r\u00f4le de milice arm\u00e9e du Capital et de l\u2019\u00c9tat. Ces piteux identitaires qui se revendiquent \u00ab fran\u00e7ais de souche \u00bb, disant d\u00e9fendre \u00ab l\u2019identit\u00e9 \u00bb de la France et de ses r\u00e9gions, devraient peut-\u00eatre consulter un bon dictionnaire avant d\u2019employer des mots de langue fran\u00e7aise dont ils ignorent le sens. Pour notre part, nous ne sommes gu\u00e8re f\u00e9ru-e-s de puret\u00e9 linguistique mais nous amusons de les voir se d\u00e9cr\u00e9dibiliser dans leur pr\u00e9tention culturelle puritaniste, sans m\u00eame que nous ayons \u00e0 les y aider.<\/p>\n<p align=\"JUSTIFY\">M\u00eame remarque pour leur qualification d\u2019\u00ab actes irrespectueux \u00bb en fin de communiqu\u00e9, pour des faits dont ils estiment par ailleurs, au d\u00e9but de leur prose d\u00e9cousue, qu&rsquo;ils rel\u00e8vent d&rsquo;une \u00ab tentative d\u2019homicide \u00bb. Nous savons certes qu\u2019ils ne \u00ab respectent \u00bb pas grand monde, et nous tenons de fait <i>\u00e0 respect<\/i> de ces h\u00e9ros en carton qui n\u2019h\u00e9sitent pas \u00e0 menacer des lyc\u00e9en-ne-s isol\u00e9-e-s dans la rue, ou \u00e0 nous envoyer par courriel une photo de doigt d\u2019honneur o\u00f9 ils s&rsquo;affichent courageusement planqu\u00e9s derri\u00e8re un drapeau syndical pr\u00e9alablement\u00a0chip\u00e9 au balcon d\u2019un local anarcho-syndicaliste. Nous prenons n\u00e9anmoins acte du fait qu\u2019ils ne fassent aucune diff\u00e9rence entre \u00ab irrespect \u00bb et \u00ab tentative d\u2019homicide \u00bb dans leurs propres \u00e9crits publics. Vue leur fa\u00e7on de consid\u00e9rer la vie d\u2019une majeure partie des \u00eatres humains, cela ne nous \u00e9tonne h\u00e9las pas.<\/p>\n<p align=\"JUSTIFY\">Nous avions pris l\u2019habitude d\u2019ignorer leurs simagr\u00e9es, vus l\u2019indigence de leurs \u00ab arguments \u00bb et leur caract\u00e8re fort heureusement groupusculaire. Mais nous conc\u00e9dons que leur dernier communiqu\u00e9 nous a bien fait rire, quoiqu\u2019un peu jaune, et valait bien d\u2019en faire conna\u00eetre les termes d\u2019une b\u00eatise insondable, si caract\u00e9ristique du confusionnisme prosp\u00e9rant sur la mis\u00e8re sociale que distillent les gouvernants.<\/p>\n<p align=\"JUSTIFY\"><em>Quelques anarchistes de Poitiers<\/em><\/p>\n<p>&nbsp;<\/p>\n","protected":false},"excerpt":{"rendered":"<p>Sur un communiqu\u00e9 de \u00ab G\u00e9n\u00e9ration identitaire Poitou \u00bb Le confusionnisme a le vent en poupe, et l\u2019extr\u00eame-droite s\u2019y adonne \u00e0 c\u0153ur joie, en particulier sur la fachosph\u00e8re internet. Dans ce microcosme d\u2019individus surtout riv\u00e9s \u00e0 leurs \u00e9crans, d\u00e9versant leur &hellip; <a href=\"https:\/\/pn86.noblogs.org\/?p=13305\">Continuer la lecture <span class=\"meta-nav\">&rarr;<\/span><\/a><\/p>\n","protected":false},"author":2691,"featured_media":0,"comment_status":"open","ping_status":"open","sticky":false,"template":"","format":"standard","meta":{"footnotes":""},"categories":[29],"tags":[],"class_list":["post-13305","post","type-post","status-publish","format-standard","hentry","category-paf-le-faf"],"_links":{"self":[{"href":"https:\/\/pn86.noblogs.org\/index.php?rest_route=\/wp\/v2\/posts\/13305","targetHints":{"allow":["GET"]}}],"collection":[{"href":"https:\/\/pn86.noblogs.org\/index.php?rest_route=\/wp\/v2\/posts"}],"about":[{"href":"https:\/\/pn86.noblogs.org\/index.php?rest_route=\/wp\/v2\/types\/post"}],"author":[{"embeddable":true,"href":"https:\/\/pn86.noblogs.org\/index.php?rest_route=\/wp\/v2\/users\/2691"}],"replies":[{"embeddable":true,"href":"https:\/\/pn86.noblogs.org\/index.php?rest_route=%2Fwp%2Fv2%2Fcomments&post=13305"}],"version-history":[{"count":2,"href":"https:\/\/pn86.noblogs.org\/index.php?rest_route=\/wp\/v2\/posts\/13305\/revisions"}],"predecessor-version":[{"id":13307,"href":"https:\/\/pn86.noblogs.org\/index.php?rest_route=\/wp\/v2\/posts\/13305\/revisions\/13307"}],"wp:attachment":[{"href":"https:\/\/pn86.noblogs.org\/index.php?rest_route=%2Fwp%2Fv2%2Fmedia&parent=13305"}],"wp:term":[{"taxonomy":"category","embeddable":true,"href":"https:\/\/pn86.noblogs.org\/index.php?rest_route=%2Fwp%2Fv2%2Fcategories&post=13305"},{"taxonomy":"post_tag","embeddable":true,"href":"https:\/\/pn86.noblogs.org\/index.php?rest_route=%2Fwp%2Fv2%2Ftags&post=13305"}],"curies":[{"name":"wp","href":"https:\/\/api.w.org\/{rel}","templated":true}]}}