{"id":13253,"date":"2015-03-25T09:15:49","date_gmt":"2015-03-25T08:15:49","guid":{"rendered":"http:\/\/pn86.noblogs.org\/?p=13253"},"modified":"2015-03-25T09:19:00","modified_gmt":"2015-03-25T08:19:00","slug":"poitiers-de-la-condamnation-du-tag-par-la-justice-locale","status":"publish","type":"post","link":"https:\/\/pn86.noblogs.org\/?p=13253","title":{"rendered":"[Poitiers] De la condamnation du tag par la justice locale"},"content":{"rendered":"<p>Pour rappel, <a href=\"http:\/\/www.antirep86.fr\/2011\/02\/16\/recapitulatif-du-harcelement-sur-poitiers\/\" target=\"_blank\">un A cercl\u00e9 dessin\u00e9 sur une porte au marqueur, effac\u00e9 d\u00e8s le lendemain et sans d\u00e9p\u00f4t de plainte,\u00a0avait valu le 15 janvier 2010 \u00e0 son auteur pr\u00e9sum\u00e9, un \u00e9tudiant aux id\u00e9es anti-autoritaires,\u00a02 mois de prison avec sursis et 300 euros d&rsquo;amende. En appel, la prison avec sursis avait \u00e9t\u00e9 commu\u00e9e en 40 heures de \u00ab\u00a0travaux d&rsquo;int\u00e9r\u00eat g\u00e9n\u00e9ral\u00a0\u00bb, rien que \u00e7a.<\/a><\/p>\n<p>Il y a cinq jours, un militant syndicaliste avait fait appel de sa condamnation pour avoir relay\u00e9, sur un blog libertaire, une vid\u00e9o-montage (aux auteurs inconnus et\u00a0datant de deux ans), montrant un tag contre le chef de la police locale, dont il n&rsquo;\u00e9tait pas l&rsquo;auteur. Cette vid\u00e9o faisait suite \u00e0 la vague de r\u00e9pression polici\u00e8re qui avait frapp\u00e9 nombre de militants libertaires \u00e0 Poitiers en 2009. <a href=\"http:\/\/www.lanouvellerepublique.fr\/Vienne\/Actualite\/Faits-divers-justice\/n\/Contenus\/Articles\/2015\/03\/21\/POITIERS-Il-part-un-an-en-detention-mais-sauve-sa-place-de-pere-2264670\" target=\"_blank\">La cour d&rsquo;appel a confirm\u00e9 la condamnation \u00e0 300 euros d&rsquo;amende, jugeant que pour avoir relay\u00e9 une vid\u00e9o montrant\u00a0ce tag, ce militant \u00e9tait \u00ab\u00a0p\u00e9nalement responsable\u00a0\u00bb.<\/a><\/p>\n<p>Or voil\u00e0 qu&rsquo;hier, la justice a condamn\u00e9 un autre\u00a0tagueur&#8230; aux id\u00e9es tout \u00e0 fait diff\u00e9rentes. Ce g\u00e9rant de soci\u00e9t\u00e9 de location de mat\u00e9riel avait peint\u00a0le mur d&rsquo;une mosqu\u00e9e d&rsquo;un message raciste.\u00a0La mosqu\u00e9e avait port\u00e9 plainte (1). Le message du tag peint par le g\u00e9rant de soci\u00e9t\u00e9 \u00e9tait le suivant :\u00a0\u00ab\u00a0Mort aux Arabes, les Fran\u00e7ais sont en guerre, honte \u00e0 votre peuple\u00a0\u00bb. Le tag se doublait donc d&rsquo;une incitation \u00e0 la haine raciale.<a href=\"http:\/\/www.lanouvellerepublique.fr\/Vienne\/Actualite\/Faits-divers-justice\/n\/Contenus\/Articles\/2015\/03\/25\/Le-tag-de-la-mosquee-frise-la-sortie-de-route-2269979\" target=\"_blank\"> Condamnation\u00a0: 2 mois de sursis et 200 euros d&rsquo;amende.\u00a0Il a par ailleurs \u00e9t\u00e9 relax\u00e9 pour l&rsquo;accusation de conduite en \u00e9tat d&rsquo;ivresse au b\u00e9n\u00e9fice du doute<\/a>.<\/p>\n<p>On comparera la teneur des tags incrimin\u00e9s, les condamnations respectives par la justice locale&#8230; et on en tirera les conclusions qu&rsquo;on voudra.<\/p>\n<p>(1)\u00a0La mosqu\u00e9e de Poitiers avait\u00a0d\u00e9j\u00e0 \u00e9t\u00e9 cibl\u00e9e par plusieurs actes racistes. Dont une occupation par des militants de G\u00e9n\u00e9ration identitaire en appelant \u00e0 la bataille de Poitiers de 732 et \u00e0 Charles Martel. Notons que cette organisation continue par ailleurs de diffuser localement sur Poitiers, par voie d&rsquo;autocollants et internet, des messages racistes, sans \u00eatre manifestement\u00a0inqui\u00e9t\u00e9e par la police et la justice pour cela.<\/p>\n<p><em>Pavillon Noir, 25 mars 2015<\/em><\/p>\n<p>&nbsp;<\/p>\n","protected":false},"excerpt":{"rendered":"<p>Pour rappel, un A cercl\u00e9 dessin\u00e9 sur une porte au marqueur, effac\u00e9 d\u00e8s le lendemain et sans d\u00e9p\u00f4t de plainte,\u00a0avait valu le 15 janvier 2010 \u00e0 son auteur pr\u00e9sum\u00e9, un \u00e9tudiant aux id\u00e9es anti-autoritaires,\u00a02 mois de prison avec sursis et &hellip; <a href=\"https:\/\/pn86.noblogs.org\/?p=13253\">Continuer la lecture <span class=\"meta-nav\">&rarr;<\/span><\/a><\/p>\n","protected":false},"author":2691,"featured_media":0,"comment_status":"open","ping_status":"open","sticky":false,"template":"","format":"standard","meta":{"footnotes":""},"categories":[37,29,27],"tags":[],"class_list":["post-13253","post","type-post","status-publish","format-standard","hentry","category-defense-dafficher","category-paf-le-faf","category-repression"],"_links":{"self":[{"href":"https:\/\/pn86.noblogs.org\/index.php?rest_route=\/wp\/v2\/posts\/13253","targetHints":{"allow":["GET"]}}],"collection":[{"href":"https:\/\/pn86.noblogs.org\/index.php?rest_route=\/wp\/v2\/posts"}],"about":[{"href":"https:\/\/pn86.noblogs.org\/index.php?rest_route=\/wp\/v2\/types\/post"}],"author":[{"embeddable":true,"href":"https:\/\/pn86.noblogs.org\/index.php?rest_route=\/wp\/v2\/users\/2691"}],"replies":[{"embeddable":true,"href":"https:\/\/pn86.noblogs.org\/index.php?rest_route=%2Fwp%2Fv2%2Fcomments&post=13253"}],"version-history":[{"count":3,"href":"https:\/\/pn86.noblogs.org\/index.php?rest_route=\/wp\/v2\/posts\/13253\/revisions"}],"predecessor-version":[{"id":13257,"href":"https:\/\/pn86.noblogs.org\/index.php?rest_route=\/wp\/v2\/posts\/13253\/revisions\/13257"}],"wp:attachment":[{"href":"https:\/\/pn86.noblogs.org\/index.php?rest_route=%2Fwp%2Fv2%2Fmedia&parent=13253"}],"wp:term":[{"taxonomy":"category","embeddable":true,"href":"https:\/\/pn86.noblogs.org\/index.php?rest_route=%2Fwp%2Fv2%2Fcategories&post=13253"},{"taxonomy":"post_tag","embeddable":true,"href":"https:\/\/pn86.noblogs.org\/index.php?rest_route=%2Fwp%2Fv2%2Ftags&post=13253"}],"curies":[{"name":"wp","href":"https:\/\/api.w.org\/{rel}","templated":true}]}}