{"id":13235,"date":"2015-03-16T14:25:27","date_gmt":"2015-03-16T13:25:27","guid":{"rendered":"http:\/\/pn86.noblogs.org\/?p=13235"},"modified":"2015-03-16T14:25:59","modified_gmt":"2015-03-16T13:25:59","slug":"poitiers-limoges-huit-recours-contre-la-lgv","status":"publish","type":"post","link":"https:\/\/pn86.noblogs.org\/?p=13235","title":{"rendered":"Poitiers-Limoges : huit recours contre la LGV"},"content":{"rendered":"<p><a href=\"https:\/\/pn86.noblogs.org\/files\/2015\/02\/LGV.jpg\"><img decoding=\"async\" class=\"alignleft size-thumbnail wp-image-13190\" src=\"https:\/\/pn86.noblogs.org\/files\/2015\/02\/LGV.jpg\" alt=\"LGV\" width=\"105\" srcset=\"https:\/\/pn86.noblogs.org\/files\/2015\/02\/LGV.jpg 3507w, https:\/\/pn86.noblogs.org\/files\/2015\/02\/LGV-212x300.jpg 212w, https:\/\/pn86.noblogs.org\/files\/2015\/02\/LGV-724x1024.jpg 724w\" sizes=\"(max-width: 3507px) 100vw, 3507px\" \/><\/a>Huit recours ont \u00e9t\u00e9 d\u00e9pos\u00e9s contre la d\u00e9claration d&rsquo;utilit\u00e9 publique (DUP) de la future ligne \u00e0 grande vitesse Poitiers-Limoges, a annonc\u00e9 samedi Robert Rolland, porte-parole d&rsquo;un collectif limousin d&rsquo;opposition \u00e0 la LGV, lors d&rsquo;une conf\u00e9rence de presse. La date butoir pour d\u00e9poser les recours \u00e9tait le 11\u00a0mars. Six recours ont \u00e9t\u00e9 enregistr\u00e9s devant le Conseil d&rsquo;\u00c9tat, qui avait lui-m\u00eame \u00e9mis un avis n\u00e9gatif sur le projet en d\u00e9cembre dernier.<\/p>\n<p>Selon le porte-parole du collectif \u00ab\u00a0Non \u00e0 la LGV et oui \u00e0 Polt\u00a0\u00bb, ligne alternative Paris-Orl\u00e9ans-Limoges-Toulouse, ces six recours demandent l&rsquo;annulation de la DUP. Parall\u00e8lement, <i>\u00ab\u00a0deux recours gracieux ont \u00e9t\u00e9 d\u00e9pos\u00e9s directement aupr\u00e8s du Premier ministre et des ministres signataires, \u00e0 savoir le secr\u00e9taire d&rsquo;\u00c9tat aux Transports, et la ministre de l&rsquo;Environnement. Ces deux recours demandent l&rsquo;abrogation du d\u00e9cret\u00a0\u00bb<\/i>, a-t-il pr\u00e9cis\u00e9.<\/p>\n<p>Ces diff\u00e9rents recours sont port\u00e9s par plus d&rsquo;une centaine de structures, associations, communes et collectivit\u00e9s. Selon M.\u00a0Rolland, si l&rsquo;on tient compte de l&rsquo;instruction du dossier et de l&rsquo;examen des pi\u00e8ces,<i> \u00ab\u00a0le Conseil d&rsquo;Etat ne sera vraisemblablement pas en mesure de statuer avant le second semestre 2016\u00a0\u00bb<\/i>. Or <i>\u00ab\u00a0ces recours ne sont pas suspensifs de l&rsquo;application de la DUP\u00a0\u00bb<\/i>, a-t-il rappel\u00e9. Le conseil g\u00e9n\u00e9ral de la Haute-Vienne, fervent d\u00e9fenseur de la ligne \u00e0 grande vitesse, a d&rsquo;ores et d\u00e9j\u00e0 <i>\u00ab\u00a0mis en place les commissions d\u00e9partementales qui devront statuer sur les proc\u00e9dures d&rsquo;expropriation\u00a0\u00bb<\/i>, a poursuivi M.\u00a0Rolland.<\/p>\n<p>Lors de la m\u00eame conf\u00e9rence de presse, la section r\u00e9gionale de la CGT cheminot, repr\u00e9sent\u00e9e par Fr\u00e9d\u00e9ric Tronche, a soulign\u00e9 que <i>\u00ab\u00a0les effets de la DUP sont d\u00e9j\u00e0 en train de se faire sentir\u00a0\u00bb<\/i>, et <i>\u00ab\u00a0la d\u00e9sertification ferroviaire de tout l&rsquo;est de la r\u00e9gion, sera bient\u00f4t une r\u00e9alit\u00e9\u00a0\u00bb<\/i>. Pour Robert Rolland <i>\u00ab\u00a0avec la DUP, un certain nombre d&rsquo;investissements vont \u00eatre lanc\u00e9s, des choix seront faits, au d\u00e9triment des usagers\u00a0\u00bb<\/i>.<\/p>\n<p style=\"text-align: right\"><em><strong>Presse \u00e0 Grande Vitesse, <a href=\"http:\/\/www.lanouvellerepublique.fr\/Vienne\/Actualite\/Environnement\/n\/Contenus\/Articles\/2015\/03\/16\/Poitiers-Limoges-huit-recours-contre-la-LGV-2258584\" target=\"_blank\">lanouvellerepublique.fr<\/a>, 16 mars 2015<\/strong><\/em><\/p>\n","protected":false},"excerpt":{"rendered":"<p>Huit recours ont \u00e9t\u00e9 d\u00e9pos\u00e9s contre la d\u00e9claration d&rsquo;utilit\u00e9 publique (DUP) de la future ligne \u00e0 grande vitesse Poitiers-Limoges, a annonc\u00e9 samedi Robert Rolland, porte-parole d&rsquo;un collectif limousin d&rsquo;opposition \u00e0 la LGV, lors d&rsquo;une conf\u00e9rence de presse. La date butoir &hellip; <a href=\"https:\/\/pn86.noblogs.org\/?p=13235\">Continuer la lecture <span class=\"meta-nav\">&rarr;<\/span><\/a><\/p>\n","protected":false},"author":2691,"featured_media":0,"comment_status":"open","ping_status":"open","sticky":false,"template":"","format":"standard","meta":{"footnotes":""},"categories":[32,40,33,41],"tags":[],"class_list":["post-13235","post","type-post","status-publish","format-standard","hentry","category-desinformation-bourgeoise","category-ecologie","category-propagande-marchande","category-zad-partout"],"_links":{"self":[{"href":"https:\/\/pn86.noblogs.org\/index.php?rest_route=\/wp\/v2\/posts\/13235","targetHints":{"allow":["GET"]}}],"collection":[{"href":"https:\/\/pn86.noblogs.org\/index.php?rest_route=\/wp\/v2\/posts"}],"about":[{"href":"https:\/\/pn86.noblogs.org\/index.php?rest_route=\/wp\/v2\/types\/post"}],"author":[{"embeddable":true,"href":"https:\/\/pn86.noblogs.org\/index.php?rest_route=\/wp\/v2\/users\/2691"}],"replies":[{"embeddable":true,"href":"https:\/\/pn86.noblogs.org\/index.php?rest_route=%2Fwp%2Fv2%2Fcomments&post=13235"}],"version-history":[{"count":2,"href":"https:\/\/pn86.noblogs.org\/index.php?rest_route=\/wp\/v2\/posts\/13235\/revisions"}],"predecessor-version":[{"id":13237,"href":"https:\/\/pn86.noblogs.org\/index.php?rest_route=\/wp\/v2\/posts\/13235\/revisions\/13237"}],"wp:attachment":[{"href":"https:\/\/pn86.noblogs.org\/index.php?rest_route=%2Fwp%2Fv2%2Fmedia&parent=13235"}],"wp:term":[{"taxonomy":"category","embeddable":true,"href":"https:\/\/pn86.noblogs.org\/index.php?rest_route=%2Fwp%2Fv2%2Fcategories&post=13235"},{"taxonomy":"post_tag","embeddable":true,"href":"https:\/\/pn86.noblogs.org\/index.php?rest_route=%2Fwp%2Fv2%2Ftags&post=13235"}],"curies":[{"name":"wp","href":"https:\/\/api.w.org\/{rel}","templated":true}]}}