{"id":13233,"date":"2015-03-16T11:13:14","date_gmt":"2015-03-16T10:13:14","guid":{"rendered":"http:\/\/pn86.noblogs.org\/?p=13233"},"modified":"2015-03-16T11:13:14","modified_gmt":"2015-03-16T10:13:14","slug":"lgv-tours-bordeaux-apres-les-promesses-la-triste-realite","status":"publish","type":"post","link":"https:\/\/pn86.noblogs.org\/?p=13233","title":{"rendered":"LGV Tours-Bordeaux : apr\u00e8s les promesses, la triste r\u00e9alit\u00e9"},"content":{"rendered":"<p><em><strong>NdPN<\/strong> : ce n&rsquo;est pas faute de l&rsquo;avoir dit et r\u00e9p\u00e9t\u00e9 sur ce blog : outre le d\u00e9sastre \u00e9cologique et le racket d&rsquo;argent public qu&rsquo;elle pr\u00e9suppose,\u00a0une LGV (ligne \u00e0 grande vitesse) ce sont des \u00ab\u00a0cr\u00e9ations d&#8217;emplois\u00a0\u00bb qui non seulement ne sont pas p\u00e9rennes, mais st\u00e9rilisent l&#8217;emploi \u00e0 long terme en concentrant les infrastructures et en r\u00e9duisant \u00e0 terme le nombre de salari\u00e9.e.s.\u00a0Ce constat est vieux comme le capitalisme : la machine remplace l&rsquo;homme qui est somm\u00e9 de la fabriquer. La LGV,\u00a0c&rsquo;est aussi et surtout l&rsquo;un des dispositifs les plus manifestes de la m\u00e9tropolisation du territoire, induisant une d\u00e9sertification des zones rurales et des petites villes, en concentrant les flux dans les \u00ab\u00a0p\u00f4les urbains\u00a0\u00bb d\u00e9sign\u00e9s par les barons de l&rsquo;am\u00e9nagement du territoire. A pr\u00e9sent que cette LGV Tours-Bordeaux est quasi achev\u00e9e, les \u00e9lus (et les bureaucrates de la CFDT) qui ont promu et soutenu ce projet destructeur se plaignent des cons\u00e9quences sociales\u00a0du dispositif. Honte \u00e0 ces collaborateurs de la LGV et \u00e0 tous les politicards qui saccagent notre monde ! Nous devons lutter contre la construction de la LGV Poitiers-Limoges, et de tous les autres projets d\u00e9lirants \u00e0 venir.<\/em><\/p>\n<p><a href=\"http:\/\/www.lanouvellerepublique.fr\/Vienne\/Actualite\/Economie-social\/n\/Contenus\/Articles\/2015\/03\/16\/Le-secteur-des-travaux-publics-redoute-l-apres-LGV-2258373\" target=\"_blank\"><strong>Le secteur des travaux publics redoute l&rsquo;apr\u00e8s-LGV<\/strong><\/a><\/p>\n<p id=\"articleChapo\">La CFDT demande un plan d\u2019urgence pour venir en aide aux entreprises des travaux publics afin d\u2019accompagner la fin de la premi\u00e8re phase du chantier.<\/p>\n<p>Apr\u00e8s l&rsquo;aubaine, l&rsquo;angoisse. Alors que la premi\u00e8re phase du pharaonique chantier de construction de la ligne ferroviaire \u00e0 grande vitesse Tours-Bordeaux s&rsquo;ach\u00e8ve, le comit\u00e9 de pilotage mis en place par l&rsquo;union r\u00e9gionale de la CFDT s&rsquo;inqui\u00e8te de l&rsquo;absence de perspectives pour de nombreux salari\u00e9s recrut\u00e9s et form\u00e9s par le concessionnaire et ses sous-traitants.<\/p>\n<div id=\"text\">\n<p>\u00ab\u00a0<i>Sur 1.500\u00a0salari\u00e9s recrut\u00e9s au cours de cette phase, seuls 25\u2009% ont retrouv\u00e9 une activit\u00e9, selon les chiffres qui nous ont \u00e9t\u00e9 communiqu\u00e9s\u00a0<\/i>\u00bb, pr\u00e9cise Jean-Marie Mazeau, de l&rsquo;union d\u00e9partementale de Charente.<\/p>\n<p><span class=\"inter\">\u00ab\u00a0\u2009On ne pensait pas que ce serait aussi catastrophique\u2009\u00a0\u00bb<\/span><\/p>\n<p>Le secr\u00e9taire g\u00e9n\u00e9ral de l&rsquo;union r\u00e9gionale de la CFDT, Bernard Giret, pense en particulier aux personnes qui ont b\u00e9n\u00e9fici\u00e9 des clauses d&rsquo;insertion\u2009: \u00ab\u00a0<i>Il y a des gens qui commen\u00e7aient \u00e0 relever la t\u00eate et qui en reprennent un coup. On savait que les reclassements seraient compliqu\u00e9s mais on ne pensait pas que ce serait aussi catastrophique.\u00a0<\/i>\u00bb<br \/>\nLe syndicat point de doigt le coup d&rsquo;arr\u00eat donn\u00e9 aux grands travaux alors que les entreprises du BTP sont tr\u00e8s d\u00e9pendantes de la commande publique. Il d\u00e9nonce aussi le non-respect de la directive sur les travailleurs d\u00e9tach\u00e9s de l&rsquo;Union europ\u00e9enne qui fausse la concurrence\u2009: \u00ab\u00a0<i>Nos entreprises sont en train de perdre le peu de march\u00e9s qu&rsquo;il reste\u00a0<\/i>\u00bb, constate Ludovic Anquetil, d\u00e9l\u00e9gu\u00e9 CFDT au sein d&rsquo;ETF, filiale d&rsquo;Eurovia. \u00ab\u00a0<i>Il n&rsquo;est pas possible que des bo\u00eetes allemandes qui emploient des ouvriers polonais soient 20\u2009% moins cher si elles respectent la directive. Il faut que l&rsquo;\u00c9tat renforce les contr\u00f4les.\u00a0<\/i>\u00bb<br \/>\nBernard Giret demande la mise en place d&rsquo;un \u00ab\u00a0plan d&rsquo;urgence\u00a0\u00bb pour venir en aide aux entreprises du secteur avec du ch\u00f4mage partiel et des formations professionnelles pour permettre de tenir jusqu&rsquo;au lancement du prochain contrat de plan \u00c9tat-R\u00e9gion dont le volet routier et ferroviaire pr\u00e9voit plusieurs chantiers.<\/p>\n<\/div>\n<div class=\"infosAuteur\"><em><span class=\"nom_auteur\"> Baptiste Bize, Nouvelle R\u00e9publique, 16 mars 2015<\/span><\/em><\/div>\n<div class=\"infosAuteur\">***<\/div>\n<div class=\"infosAuteur\"><strong>Mise \u00e0 jour PN<\/strong> : Lire aussi les j\u00e9r\u00e9miades de politicards locaux appelant \u00e0 \u00ab\u00a0l&rsquo;union sacr\u00e9e\u00a0\u00bb (d\u00e9cid\u00e9ment&#8230;) dans <a href=\"http:\/\/www.lanouvellerepublique.fr\/Vienne\/Actualite\/Politique\/n\/Contenus\/Articles\/2015\/03\/16\/La-gauche-appelle-a-l-union-sacree-pour-le-TGV-2258787\" target=\"_blank\">cet autre article de la Nouvelle R\u00e9publique.<\/a><\/div>\n<div class=\"infosAuteur\"><\/div>\n","protected":false},"excerpt":{"rendered":"<p>NdPN : ce n&rsquo;est pas faute de l&rsquo;avoir dit et r\u00e9p\u00e9t\u00e9 sur ce blog : outre le d\u00e9sastre \u00e9cologique et le racket d&rsquo;argent public qu&rsquo;elle pr\u00e9suppose,\u00a0une LGV (ligne \u00e0 grande vitesse) ce sont des \u00ab\u00a0cr\u00e9ations d&#8217;emplois\u00a0\u00bb qui non seulement ne &hellip; <a href=\"https:\/\/pn86.noblogs.org\/?p=13233\">Continuer la lecture <span class=\"meta-nav\">&rarr;<\/span><\/a><\/p>\n","protected":false},"author":2691,"featured_media":0,"comment_status":"open","ping_status":"open","sticky":false,"template":"","format":"standard","meta":{"footnotes":""},"categories":[32],"tags":[],"class_list":["post-13233","post","type-post","status-publish","format-standard","hentry","category-desinformation-bourgeoise"],"_links":{"self":[{"href":"https:\/\/pn86.noblogs.org\/index.php?rest_route=\/wp\/v2\/posts\/13233","targetHints":{"allow":["GET"]}}],"collection":[{"href":"https:\/\/pn86.noblogs.org\/index.php?rest_route=\/wp\/v2\/posts"}],"about":[{"href":"https:\/\/pn86.noblogs.org\/index.php?rest_route=\/wp\/v2\/types\/post"}],"author":[{"embeddable":true,"href":"https:\/\/pn86.noblogs.org\/index.php?rest_route=\/wp\/v2\/users\/2691"}],"replies":[{"embeddable":true,"href":"https:\/\/pn86.noblogs.org\/index.php?rest_route=%2Fwp%2Fv2%2Fcomments&post=13233"}],"version-history":[{"count":1,"href":"https:\/\/pn86.noblogs.org\/index.php?rest_route=\/wp\/v2\/posts\/13233\/revisions"}],"predecessor-version":[{"id":13234,"href":"https:\/\/pn86.noblogs.org\/index.php?rest_route=\/wp\/v2\/posts\/13233\/revisions\/13234"}],"wp:attachment":[{"href":"https:\/\/pn86.noblogs.org\/index.php?rest_route=%2Fwp%2Fv2%2Fmedia&parent=13233"}],"wp:term":[{"taxonomy":"category","embeddable":true,"href":"https:\/\/pn86.noblogs.org\/index.php?rest_route=%2Fwp%2Fv2%2Fcategories&post=13233"},{"taxonomy":"post_tag","embeddable":true,"href":"https:\/\/pn86.noblogs.org\/index.php?rest_route=%2Fwp%2Fv2%2Ftags&post=13233"}],"curies":[{"name":"wp","href":"https:\/\/api.w.org\/{rel}","templated":true}]}}