{"id":13022,"date":"2015-01-11T23:12:45","date_gmt":"2015-01-11T22:12:45","guid":{"rendered":"http:\/\/pn86.noblogs.org\/?p=13022"},"modified":"2015-01-12T11:04:52","modified_gmt":"2015-01-12T10:04:52","slug":"la-lgv-poitiers-limoges-declaree-dutilite-publique","status":"publish","type":"post","link":"https:\/\/pn86.noblogs.org\/?p=13022","title":{"rendered":"La LGV Poitiers-Limoges d\u00e9clar\u00e9e d&rsquo;utilit\u00e9 publique"},"content":{"rendered":"<p><em><strong><img loading=\"lazy\" decoding=\"async\" class=\"alignright\" src=\"http:\/\/non-lgv-poitiers-limoges.fr\/wp\/wp-content\/uploads\/2012\/10\/logo-nlgv.png\" alt=\"\" width=\"348\" height=\"311\" \/>NdPN<\/strong> : voil\u00e0 des ann\u00e9es que nous d\u00e9non\u00e7ons le projet de ligne \u00e0 grande vitesse Poitiers-Limoges,\u00a0socialement et \u00e9cologiquement nuisible, enterr\u00e9 un jour par une large opposition, pour \u00eatre ressuscit\u00e9 le lendemain. Certains gouvernants ne sont d\u00e9cid\u00e9ment\u00a0jamais \u00e0 court\u00a0d&rsquo;acharnement pour signer des partenariats public-priv\u00e9 avec les multinationales du b\u00e9ton. Ces \u00e9lus sont all\u00e9s jusqu&rsquo;\u00e0 solliciter le fait du prince, en l&rsquo;occurrence le pr\u00e9sident de la R\u00e9publique lui-m\u00eame,\u00a0pour court-circuiter les oppositions. Ils en r\u00eavaient, c&rsquo;est d\u00e9sormais fait : malgr\u00e9 l&rsquo;avis n\u00e9gatif du conseil d&rsquo;Etat et le rapport d\u00e9favorable de la Cour des comptes (qui juge \u00ab\u00a0son co\u00fbt devenu non soutenable\u00a0\u00bb), ce grand projet \u00ab\u00a0inutile\u00a0\u00bb (apparemment pas pour tous les portefeuilles) et tr\u00e8s contest\u00e9\u00a0vient d&rsquo;\u00eatre d\u00e9clar\u00e9 d&rsquo;utilit\u00e9 publique ce samedi et publi\u00e9 au J.O. ce jour m\u00eame, un jour avant la date limite.\u00a0C&rsquo;est sans doute cela, la \u00ab\u00a0d\u00e9mocratie\u00a0\u00bb. Ce qui aurait d\u00fb susciter un toll\u00e9 ne suscite \u00e9trangement dans la presse qu&rsquo;un discret \u00e9cho. Il faut dire que cette d\u00e9claration tombe, miracle du calendrier,<a href=\"http:\/\/www.lanouvellerepublique.fr\/Vienne\/Actualite\/Faits-divers-justice\/n\/Contenus\/Articles\/2015\/01\/11\/La-presence-rassurante-des-gendarmes-mobiles-2181229\" target=\"_blank\"> alors que les flics occupent tous les lieux publics lourdement arm\u00e9s <\/a>et que\u00a0tous les m\u00e9dias repassent en boucle et \u00e0 saturation\u00a0l&rsquo;hymne hypocrite de l&rsquo;unit\u00e9 r\u00e9publicaine, avec en chefs d&rsquo;orchestre ces m\u00eames \u00e9lus se gargarisant de\u00a0\u00ab\u00a0d\u00e9mocratie\u00a0\u00bb \u00e0 chaque phrase. Il y en a qui, au milieu du \u00ab\u00a0recueillement de la nation\u00a0\u00bb, ne perdent pas le nord de l&rsquo;int\u00e9r\u00eat <\/em><em>capitaliste (pardon, \u00ab\u00a0public\u00a0\u00bb) !\u00a0Il va manifestement falloir bien plus que des recours juridiques pour renvoyer ce projet dans les cordes, face \u00e0 des gouvernants apparemment d\u00e9cid\u00e9s \u00e0 passer en force, et intensifier la lutte contre ce saccage planifi\u00e9. ZAD partout.<\/em><\/p>\n<p><a href=\"http:\/\/www.lanouvellerepublique.fr\/Vienne\/Services\/Toutes-les-DMAs\/n\/Contenus\/DMAs\/2015\/01\/11\/La-LGV-Poitiers-Limoges-declaree-d-utilite-publique-2181680\" target=\"_blank\"><strong>La LGV Poitiers-Limoges d\u00e9clar\u00e9e d&rsquo;utilit\u00e9 publique<\/strong><\/a><\/p>\n<p>La d\u00e9claration d&rsquo;utilit\u00e9 publique (D\u00e9cret n\u00b0 2015-18 du 10 janvier 2015) concernant la LGV Poitiers-Limoges, entre Iteuil (Vienne) et Le Palais-sur-Vienne (Haute-Vienne), vient d&rsquo;\u00eatre publi\u00e9e au Journal officiel et qualifie d&rsquo;urgents les travaux n\u00e9cessaires \u00e0 la LGV (info France 3). Cela, malgr\u00e9 l&rsquo;avis n\u00e9gatif rendu par le conseil d&rsquo;Etat ces derni\u00e8res semaines. Ce dernier remettait en cause l&rsquo;utilit\u00e9 publique de cette ligne \u00e0 grande vitesse insistant sur une mauvaise rentabilit\u00e9 du projet. La LGV verra-t-elle pour autant le jour? Pas \u00e9vident. Les opposants au projet peuvent \u00e0 nouveau d\u00e9poser un recours devant le conseil d&rsquo;Etat.<\/p>\n<p><em>Nouvelle R\u00e9publique, 11 janvier 2015<\/em><\/p>\n<p><strong>Mise \u00e0 jour 12 janvier :<\/strong><\/p>\n<p><a href=\"http:\/\/www.lanouvellerepublique.fr\/Vienne\/Actualite\/24-Heures\/n\/Contenus\/Articles\/2015\/01\/12\/La-LGV-Poitiers-Limoges-declaree-d-utilite-publique-malgre-tout-2182365\" target=\"_blank\"><strong>La LGV Poitiers-Limoges d\u00e9clar\u00e9e d&rsquo;utilit\u00e9 publique&#8230; malgr\u00e9 tout<\/strong><\/a><\/p>\n<p id=\"articleChapo\">L\u2019avis n\u00e9gatif du Conseil d\u2019\u00c9tat n\u2019a pas emp\u00each\u00e9 la publication samedi au Journal officiel d\u2019une DUP pour la LGV Poitiers-Limoges.<a href=\"http:\/\/memorix.sdv.fr\/5c\/www.lanouvellerepublique.fr\/actualite\/24-heures_articles\/86\/horszone\/1956934612\/Position1\/default\/empty.gif\/55752b2f7546537a6d7a774142766e32\" target=\"_blank\"><img loading=\"lazy\" decoding=\"async\" src=\"http:\/\/memorix.sdv.fr\/0\/default\/empty.gif\" alt=\"\" width=\"1\" height=\"1\" border=\"0\" \/><\/a><\/p>\n<div id=\"text\">\n<p>La d\u00e9claration d&rsquo;utilit\u00e9 publique (DUP) concernant la LGV Poitiers-Limoges, entre Iteuil et Le Palais-sur-Vienne (Haute-Vienne), a \u00e9t\u00e9 publi\u00e9e le 10\u00a0janvier au <i>Journal officiel<\/i>. Le Premier ministre Manuel Valls et la ministre de l&rsquo;\u00c9cologie S\u00e9gol\u00e8ne Royal ont sign\u00e9 ce d\u00e9cret <i>\u00ab\u00a0d\u00e9clarant d&rsquo;utilit\u00e9 publique et urgent les travaux n\u00e9cessaires \u00e0 la r\u00e9alisation de la ligne \u00e0 grande vitesse Poitiers-Limoges\u00a0\u00bb.<\/i><\/p>\n<p>Cela, malgr\u00e9 l&rsquo;avis n\u00e9gatif rendu par le Conseil d&rsquo;\u00c9tat ces derni\u00e8res semaines. Ce dernier remettait alors en cause l&rsquo;utilit\u00e9 publique de cette ligne \u00e0 grande vitesse insistant sur une mauvaise rentabilit\u00e9 du projet.<\/p>\n<p><span class=\"inter\">\u00ab\u00a0\u2009Juste pour faire plaisir aux caciques du Limousin\u2009\u00a0\u00bb<\/span><\/p>\n<p>Un coup de massue pour les opposants dans la Vienne, \u00e0 l&rsquo;image de la r\u00e9action de Nicolas Bourmeyster, pr\u00e9sident du collectif Non \u00e0 la LGV Poitiers-Limoges. <i>\u00ab\u00a0Franchement, c&rsquo;est une surprise. Je ne pensais pas que le gouvernement aurait l&rsquo;audace de prononcer cette DUP. Surtout dans les circonstances que conna\u00eet notre pays. Qui a envie en ce moment de s&rsquo;occuper de choses aussi stupides\u2009?\u00a0\u00bb<\/i><br \/>\nPourtant, rien de plus officiel que le <i>Journal officiel<\/i>\u2026 Comment expliquer ce revirement\u2009?<br \/>\nNicolas Bourmeyster ne d\u00e9col\u00e8re pas\u2009: <i>\u00ab\u00a0Je ne comprends pas. le Conseil d&rsquo;\u00c9tat a dit que ce projet n&rsquo;\u00e9tait pas souhaitable, la Cour des comptes l&rsquo;estime sans int\u00e9r\u00eat, on a eu des commissions parlementaires qui ont tir\u00e9 la sonnette d&rsquo;alarme\u2026 M\u00eame la SNCF n&rsquo;en veut pas\u2009! Et l\u00e0, par le fait du prince, cette DUP arrive au moment o\u00f9 tout le monde regarde ailleurs. Ils nous parlent du courage des caricaturistes mais eux n&rsquo;ont aucun courage politique. On est juste en train de faire plaisir \u00e0 des caciques du Limousin, \u00e0 quelques semaines des d\u00e9partementales.\u00a0\u00bb<\/i><br \/>\nReste que la DUP est publi\u00e9e. La LGV verra-t-elle pour autant le jour\u2009? Pas \u00e9vident. Les opposants au projet peuvent \u00e0 nouveau d\u00e9poser un recours devant le Conseil d&rsquo;\u00c9tat. <i>\u00ab\u00a0Et je ne vois pas le Conseil d&rsquo;\u00c9tat se contredire\u2026<\/i> compl\u00e8te l&rsquo;opposant. <i>Ce qui m&rsquo;attriste le plus, c&rsquo;est qu&rsquo;avec cette DUP, les biens des personnes proches du trac\u00e9 perdent la moiti\u00e9 de leur valeur\u2009! Parce qu&rsquo;en attendant la vie continue, les gens ont besoin de d\u00e9m\u00e9nager, de vendre leur maison\u2026 \u00c7a c&rsquo;est vraiment lamentable. D&rsquo;autant qu&rsquo;ils savent tr\u00e8s bien qu&rsquo;ils ne trouveront jamais l&rsquo;argent pour financer cette LGV. Il faut 2,5\u00a0milliards d&rsquo;euros\u2009! On r\u00eave<\/i>\u2026\u00a0<i>\u00bb<\/i><\/p>\n<\/div>\n<div class=\"infosAuteur\"><em><span class=\"nom_auteur\">Delphine Noyon<\/span>, Nouvelle R\u00e9publique, 12 janvier 2015<\/em><\/div>\n","protected":false},"excerpt":{"rendered":"<p>NdPN : voil\u00e0 des ann\u00e9es que nous d\u00e9non\u00e7ons le projet de ligne \u00e0 grande vitesse Poitiers-Limoges,\u00a0socialement et \u00e9cologiquement nuisible, enterr\u00e9 un jour par une large opposition, pour \u00eatre ressuscit\u00e9 le lendemain. Certains gouvernants ne sont d\u00e9cid\u00e9ment\u00a0jamais \u00e0 court\u00a0d&rsquo;acharnement pour signer &hellip; <a href=\"https:\/\/pn86.noblogs.org\/?p=13022\">Continuer la lecture <span class=\"meta-nav\">&rarr;<\/span><\/a><\/p>\n","protected":false},"author":2691,"featured_media":0,"comment_status":"open","ping_status":"open","sticky":false,"template":"","format":"standard","meta":{"footnotes":""},"categories":[41],"tags":[],"class_list":["post-13022","post","type-post","status-publish","format-standard","hentry","category-zad-partout"],"_links":{"self":[{"href":"https:\/\/pn86.noblogs.org\/index.php?rest_route=\/wp\/v2\/posts\/13022","targetHints":{"allow":["GET"]}}],"collection":[{"href":"https:\/\/pn86.noblogs.org\/index.php?rest_route=\/wp\/v2\/posts"}],"about":[{"href":"https:\/\/pn86.noblogs.org\/index.php?rest_route=\/wp\/v2\/types\/post"}],"author":[{"embeddable":true,"href":"https:\/\/pn86.noblogs.org\/index.php?rest_route=\/wp\/v2\/users\/2691"}],"replies":[{"embeddable":true,"href":"https:\/\/pn86.noblogs.org\/index.php?rest_route=%2Fwp%2Fv2%2Fcomments&post=13022"}],"version-history":[{"count":6,"href":"https:\/\/pn86.noblogs.org\/index.php?rest_route=\/wp\/v2\/posts\/13022\/revisions"}],"predecessor-version":[{"id":13034,"href":"https:\/\/pn86.noblogs.org\/index.php?rest_route=\/wp\/v2\/posts\/13022\/revisions\/13034"}],"wp:attachment":[{"href":"https:\/\/pn86.noblogs.org\/index.php?rest_route=%2Fwp%2Fv2%2Fmedia&parent=13022"}],"wp:term":[{"taxonomy":"category","embeddable":true,"href":"https:\/\/pn86.noblogs.org\/index.php?rest_route=%2Fwp%2Fv2%2Fcategories&post=13022"},{"taxonomy":"post_tag","embeddable":true,"href":"https:\/\/pn86.noblogs.org\/index.php?rest_route=%2Fwp%2Fv2%2Ftags&post=13022"}],"curies":[{"name":"wp","href":"https:\/\/api.w.org\/{rel}","templated":true}]}}