{"id":13019,"date":"2015-01-08T21:06:34","date_gmt":"2015-01-08T20:06:34","guid":{"rendered":"http:\/\/pn86.noblogs.org\/?p=13019"},"modified":"2015-01-08T21:06:52","modified_gmt":"2015-01-08T20:06:52","slug":"13019","status":"publish","type":"post","link":"https:\/\/pn86.noblogs.org\/?p=13019","title":{"rendered":"Contre l&rsquo;hypocrisie de l&rsquo;unit\u00e9 nationale : lutte de classe !"},"content":{"rendered":"<p align=\"JUSTIFY\"><strong>Contre l&rsquo;hypocrisie de l&rsquo;unit\u00e9 nationale : lutte de classe !<\/strong><\/p>\n<p align=\"JUSTIFY\">Le 7 janvier 2015, douze personnes ont \u00e9t\u00e9 assassin\u00e9es lors d&rsquo;une attaque arm\u00e9e au si\u00e8ge du journal Charlie Hebdo. Parmi elles, des dessinateurs et chroniqueur.euse.s de l&rsquo;hebdomadaire : Charb, Cabu, Wolinski, Tignous, Oncle Bernard, Honor\u00e9, <span lang=\"FR\">Elsa Cayat. Certains avaient pu apporter \u00e0 plusieurs reprises leur soutien \u00e0 des organisations anarchistes, notamment lors d&rsquo;\u00e9v\u00e9nements culturels. Mais nous voudrions aussi mentionner ici les noms des autres victimes, dont les m\u00e9dias parlent moins : Mustapha Ourrad (correcteur du journal), Fr\u00e9d\u00e9ric Boisseau (agent d&rsquo;entretien de la Sodexo), et <\/span><span lang=\"\">Michel Renaud (<\/span><span lang=\"FR\">fondateur du Rendez-vous du carnet de voyage de Clermont-Ferrand). Par ailleurs, deux policiers ont \u00e9t\u00e9 tu\u00e9s<\/span><span lang=\"\">, <\/span><span lang=\"FR\">Franck Brinsolaro (charg\u00e9 de la protection de Charb, le directeur du journal) et Ahmed Merabet (policier du XI\u00e8me arrondissement de Paris). On compte aussi onze bless\u00e9.e.s, dont quatre dans un \u00e9tat grave, \u00e0 l&rsquo;heure o\u00f9 nous \u00e9crivons ces lignes.<\/span><\/p>\n<p align=\"JUSTIFY\">Charlie Hebdo, nous tenons \u00e0 le pr\u00e9ciser, est un journal dont nous n&rsquo;appr\u00e9cions gu\u00e8re certaines positions. Nous sommes en d\u00e9saccord avec son imagerie sexiste et parfois classiste, sa stigmatisation quasi obsessionnelle des musulman.e.s comme fonds de commerce, sa d\u00e9fense de la th\u00e9orie du \u00ab\u00a0choc des civilisations\u00a0\u00bb&#8230; le tout sous couvert de subversion au ton pseudo-libertaire, et sous l&rsquo;argument d&rsquo;une \u00ab\u00a0libert\u00e9 d&rsquo;expression\u00a0\u00bb comprise \u00e0 la sauce lib\u00e9rale. Ce journal a sans doute contribu\u00e9 \u00e0 la mont\u00e9e du climat islamophobe en g\u00e9n\u00e9ral, et \u00ab\u00a0d\u00e9complex\u00e9\u00a0\u00bb la parole islamophobe \u00e0 gauche. Nous renvoyons aux critiques formul\u00e9es par Olivier Cyran dans Article XI. (1)<\/p>\n<p align=\"JUSTIFY\">Pour autant, ce massacre n&rsquo;est aucunement justifiable. Selon nous, on ne combat pas des id\u00e9es et on n&rsquo;assume pas la conflictualit\u00e9 par des \u00e9x\u00e9cutions sommaires. Nous d\u00e9plorons ces assassinats au m\u00eame titre que nous d\u00e9plorons tous les assassinats directs et indirects perpetr\u00e9s par les tenants de la domination \u00e0 travers le monde. N\u00e9anmoins, ce massacre a un impact m\u00e9diatique \u00e9norme et ne sera pas sans cons\u00e9quences, et nous jugeons n\u00e9cessaire d&rsquo;exprimer ici notre point de vue.<\/p>\n<p align=\"JUSTIFY\">Depuis pr\u00e8s de neuf ans, l&rsquo;hebdomadaire \u00e9tait menac\u00e9 pour ses prises de position sur l&rsquo;islam : locaux incendi\u00e9s en 2011, directeur menac\u00e9 de mort et vivant sous protection polici\u00e8re. Ce massacre pourrait donc, selon toute vraisemblance, relever de l&rsquo;obscurantisme religieux, bien que cela n&rsquo;ait rien de certain. Toujours est-il que sa cons\u00e9quence est de renforcer la division entre les prol\u00e9taires.<\/p>\n<p align=\"JUSTIFY\">Celles et ceux qui risquent de subir en premier lieu les cons\u00e9quences de cette attaque, sont les musulman.e.s de France. Bien que n&rsquo;ayant \u00e9videmment rien \u00e0 voir avec ce massacre, ils et elles sont d\u00e9j\u00e0 cibl\u00e9.e.s par l&rsquo;injonction odieuse, en forme de chantage, de \u00ab\u00a0prendre position publiquement\u00a0\u00bb (voir Ivan Rioufol \u00e0 Rokhaya Diallo). Cette injonction les stigmatise comme cat\u00e9gorie sociale \u00ab\u00a0\u00e0 part\u00a0\u00bb. Se \u00ab\u00a0d\u00e9solidariser\u00a0\u00bb publiquement, c&rsquo;est donner de l&rsquo;eau au moulin de la stigmatisation qui leur est impos\u00e9e depuis trop longtemps. Ne pas le faire, c&rsquo;est encourir les suspicions de sympathie pour cet acte horrible. \u00ab\u00a0Adh\u00e9sion\u00a0\u00bb contrainte \u00e0 la \u00ab\u00a0cause nationale\u00a0\u00bb d&rsquo;un Etat aux politiques colonialistes et racistes, ou risque de marginalisation accrue, voire de criminalisation : nous n&rsquo;appelons pas \u00e7a une \u00ab\u00a0prise de position\u00a0\u00bb mais un non-choix, un chantage. Les musulman.e.s n&rsquo;ont pas \u00e0 se voir contraint.e.s de se justifier de leurs croyances ni de se \u00ab\u00a0d\u00e9solidariser\u00a0\u00bb d&rsquo;un massacre injustifiable.<\/p>\n<p align=\"JUSTIFY\">Cette attaque offre par ailleurs, dans le confusionnisme id\u00e9ologique ambiant, un boulevard \u00e0 l&rsquo;extr\u00eame-droite, qui en profite d\u00e9j\u00e0 pour renforcer sa tactique d&rsquo;alibi \u00ab\u00a0r\u00e9publicain\u00a0\u00bb en d\u00e9fendant les morts d&rsquo;un journal qui (rappelons-le) s&rsquo;opposait \u00e0 elle. Les agressions islamophobes et racistes se sont multipli\u00e9es d\u00e8s le 7 janvier. <span lang=\"\">Plusieurs mosqu\u00e9es ont \u00e9t\u00e9 attaqu\u00e9es : explosion contre un kebab voisin d&rsquo;une mosqu\u00e9e \u00e0 Villefranche-sur-Sa\u00f4ne (69), tirs et explosion d&rsquo;une grenade \u00e0 pl\u00e2tre contre une mosqu\u00e9e au Mans, tirs contre la salle de pri\u00e8re musulmane \u00e0 Port-la-Nouvelle (11). A Poitiers, un tag raciste a \u00e9t\u00e9 inscrit sur la mosqu\u00e9e dont le toit avait d\u00e9j\u00e0 \u00e9t\u00e9 occup\u00e9 par les fachos de G\u00e9n\u00e9ration identitaire en octobre 2012 (2). Le groupe local des identitaires, qui orne d\u00e9sormais sa page facebook d&rsquo;un subtil \u00ab\u00a0Je suis Charlie Martel\u00a0\u00bb, a chi\u00e9 d\u00e8s le 7 janvier <\/span><span lang=\"FR\">un communiqu\u00e9 immonde amalgamant tous les musulman.e.s avec le massacre \u00e0 Charlie Hebdo, affirmant qu&rsquo;il serait impossible de vivre avec des musulman.e.s., apr\u00e8s avoir coll\u00e9 des stickers \u00ab\u00a0contre l&rsquo;immigration-islamisation\u00a0\u00bb sur fond de mosqu\u00e9e de Poitiers, avec une banni\u00e8re haineuse rappelant \u00ab\u00a0732\u00a0\u00bb. H\u00e9las, ces \u00ab\u00a0identitaires\u00a0\u00bb ouvertement racistes ne sont pas les seuls charognards de la r\u00e9cup\u00e9ration politicienne de l&rsquo;\u00e9motion.<\/span><\/p>\n<p align=\"JUSTIFY\">Les institutionnels qui traquent les migrants \u00ab\u00a0clandestins\u00a0\u00bb, stigmatisent les femmes voil\u00e9es, assignent les individus \u00e0 des identit\u00e9s cloisonn\u00e9es et cautionnent des guerres colonialistes et imp\u00e9rialistes, appellent maintenant \u00e0 \u00ab\u00a0l&rsquo;union sacr\u00e9e\u00a0\u00bb, \u00e0 la \u00ab\u00a0vigilance face aux menaces\u00a0\u00bb et au \u00ab\u00a0rassemblement autour des valeurs r\u00e9publicaines\u00a0\u00bb. Il s&rsquo;agirait de nous regrouper tou.te.s autour de la farce de la d\u00e9mocratie bourgeoise. Quant \u00e0 la pr\u00e9tendue \u00ab\u00a0la\u00efcit\u00e9\u00a0\u00bb dont on se pare pour stigmatiser les musulman.e.s, elle instaure comme religion supr\u00eame la d\u00e9possession \u00e9tatique et capitaliste des prol\u00e9taires. Il s&rsquo;agirait enfin et surtout de d\u00e9fendre la fameuse \u00ab\u00a0l<span lang=\"\">ibert\u00e9 d&rsquo;expression\u00a0\u00bb que l&rsquo;Etat passe son temps \u00e0 bafouer en poursuivant pour \u00ab\u00a0outrage\u00a0\u00bb des militant.e.s. ici, et en donnant des armes aux dictatures ailleurs. Cette \u00ab\u00a0libert\u00e9 d&rsquo;expression\u00a0\u00bb \u00e0 g\u00e9om\u00e9trie variable, qui censure un Dieudonn\u00e9 antis\u00e9mite tout en assurant ainsi sa promotion m\u00e9diatique, mais complaisante avec les immondices racistes et fascisantes du pseudo-rebelle<\/span><span lang=\"FR\"> Zemmour ou les fictions islamophobes d\u00e9lirantes du dernier Houellebecq.<\/span><\/p>\n<p align=\"JUSTIFY\">Il s&rsquo;agit de nous faire croire au mythe d&rsquo;un mod\u00e8le fran\u00e7ais du \u00ab\u00a0bien-vivre-ensemble\u00a0\u00bb, rideau de fum\u00e9e sur la domination sociale et le racisme structurel \u00e0 l&rsquo;oeuvre en France. Pour nous, il n&rsquo;y a pas d&rsquo;unit\u00e9 \u00ab\u00a0r\u00e9publicaine\u00a0\u00bb possible avec des dirigeant.e.s aux indignations s\u00e9lectives, dont le job est de diviser au quotidien les opprim\u00e9.e.s en \u00e9touffant ou en d\u00e9voyant les col\u00e8res populaires. Ces acteurs et actrices du capitalisme et de la mis\u00e8re, perp\u00e9tuant une politique raciste, colonialiste et imp\u00e9rialiste, portent une lourde responsabilit\u00e9 dans le d\u00e9veloppement de la fascisation sociale. Le PS notamment, dans sa soif de pouvoir, s&rsquo;est evertu\u00e9 \u00e0 d\u00e9molir toute opposition r\u00e9volutionnaire chez les prolos, ouvrant ainsi un boulevard \u00e0 la fange r\u00e9actionnaire, confusionniste et complotiste. Tou.te.s ces dirigeant.e.s vont sans doute, une fois de plus, profiter de l&rsquo;\u00e9motion l\u00e9gitime et arguer de la menace terroriste pour aggraver encore l&rsquo;arsenal juridique r\u00e9pressif contre les classes domin\u00e9es et les militant.e.s politiques et sociaux. Le plan Vigipirate a imm\u00e9diatement \u00e9t\u00e9 \u00e9lev\u00e9 \u00e0 son niveau maximum dans toute l\u2019Ile-de-France, renfor\u00e7ant le climat policier et interdisant th\u00e9oriquement tout rassemblement.<\/p>\n<p align=\"JUSTIFY\">L&rsquo;attaque meurtri\u00e8re du 7 janvier va alimenter la gangr\u00e8ne x\u00e9nophobe et raciste et le discours de \u00ab\u00a0choc des civilisations\u00a0\u00bb, diffus\u00e9s par les institutions politiques, \u00e9conomiques et m\u00e9diatiques qui nous oppriment au quotidien et pourrissent nos perspectives sociales. En ce qui nous concerne, notre d\u00e9termination est d&rsquo;autant plus forte \u00e0 lutter pied \u00e0 pied, sans aucune complaisance ni hypocrisie, contre les ennemis objectifs et communs de tou.te.s les prol\u00e9taires et de l&rsquo;\u00e9mancipation sociale.<\/p>\n<p align=\"JUSTIFY\"><em>Pavillon Noir, 8 janvier 2015<\/em><\/p>\n<p align=\"JUSTIFY\"><span style=\"font-size: medium\"><i>(1) <\/i><\/span><a href=\"http:\/\/www.article11.info\/?Charlie-Hebdo-pas-raciste-Si-vous\"><i><span style=\"text-decoration: underline\"><span style=\"color: #0000ff;font-size: medium\"><span style=\"color: #0000ff;font-size: medium\"><span lang=\"\">http:\/\/www.article11.info\/?Charlie-Hebdo-pas-raciste-Si-vous<\/span><\/span><\/span><\/span><\/i><\/a><i> <\/i><\/p>\n<p align=\"JUSTIFY\">(2) Le recteur de la mosqu\u00e9e de Poitiers a appel\u00e9 \u00e0 un rassemblement vendredi 9 \u00e0 13h30, rue de la Vincenderie \u00e0 Buxerolles.<\/p>\n<p>&nbsp;<\/p>\n","protected":false},"excerpt":{"rendered":"<p>Contre l&rsquo;hypocrisie de l&rsquo;unit\u00e9 nationale : lutte de classe ! Le 7 janvier 2015, douze personnes ont \u00e9t\u00e9 assassin\u00e9es lors d&rsquo;une attaque arm\u00e9e au si\u00e8ge du journal Charlie Hebdo. Parmi elles, des dessinateurs et chroniqueur.euse.s de l&rsquo;hebdomadaire : Charb, Cabu, &hellip; <a href=\"https:\/\/pn86.noblogs.org\/?p=13019\">Continuer la lecture <span class=\"meta-nav\">&rarr;<\/span><\/a><\/p>\n","protected":false},"author":2691,"featured_media":0,"comment_status":"open","ping_status":"open","sticky":false,"template":"","format":"standard","meta":{"footnotes":""},"categories":[32,42,29],"tags":[],"class_list":["post-13019","post","type-post","status-publish","format-standard","hentry","category-desinformation-bourgeoise","category-ecrits","category-paf-le-faf"],"_links":{"self":[{"href":"https:\/\/pn86.noblogs.org\/index.php?rest_route=\/wp\/v2\/posts\/13019","targetHints":{"allow":["GET"]}}],"collection":[{"href":"https:\/\/pn86.noblogs.org\/index.php?rest_route=\/wp\/v2\/posts"}],"about":[{"href":"https:\/\/pn86.noblogs.org\/index.php?rest_route=\/wp\/v2\/types\/post"}],"author":[{"embeddable":true,"href":"https:\/\/pn86.noblogs.org\/index.php?rest_route=\/wp\/v2\/users\/2691"}],"replies":[{"embeddable":true,"href":"https:\/\/pn86.noblogs.org\/index.php?rest_route=%2Fwp%2Fv2%2Fcomments&post=13019"}],"version-history":[{"count":2,"href":"https:\/\/pn86.noblogs.org\/index.php?rest_route=\/wp\/v2\/posts\/13019\/revisions"}],"predecessor-version":[{"id":13021,"href":"https:\/\/pn86.noblogs.org\/index.php?rest_route=\/wp\/v2\/posts\/13019\/revisions\/13021"}],"wp:attachment":[{"href":"https:\/\/pn86.noblogs.org\/index.php?rest_route=%2Fwp%2Fv2%2Fmedia&parent=13019"}],"wp:term":[{"taxonomy":"category","embeddable":true,"href":"https:\/\/pn86.noblogs.org\/index.php?rest_route=%2Fwp%2Fv2%2Fcategories&post=13019"},{"taxonomy":"post_tag","embeddable":true,"href":"https:\/\/pn86.noblogs.org\/index.php?rest_route=%2Fwp%2Fv2%2Ftags&post=13019"}],"curies":[{"name":"wp","href":"https:\/\/api.w.org\/{rel}","templated":true}]}}