{"id":13014,"date":"2015-01-07T10:12:26","date_gmt":"2015-01-07T09:12:26","guid":{"rendered":"http:\/\/pn86.noblogs.org\/?p=13014"},"modified":"2015-01-08T14:03:06","modified_gmt":"2015-01-08T13:03:06","slug":"poitiers-rassemblements-ce-jeudi-contre-la-vente-de-lancien-theatre","status":"publish","type":"post","link":"https:\/\/pn86.noblogs.org\/?p=13014","title":{"rendered":"[Poitiers] Rassemblements ce jeudi contre la vente de l&rsquo;ancien th\u00e9\u00e2tre"},"content":{"rendered":"<p><a href=\"http:\/\/www.lanouvellerepublique.fr\/Vienne\/Actualite\/24-Heures\/n\/Contenus\/Articles\/2015\/01\/07\/L-ancien-theatre-revient-sur-le-devant-de-la-scene-2176198\" target=\"_blank\"><strong>L&rsquo;ancien th\u00e9\u00e2tre revient sur le devant de la sc\u00e8ne<\/strong> <\/a><\/p>\n<p>Le dossier de la r\u00e9gularit\u00e9 de la vente de l\u2019ancien th\u00e9\u00e2tre est examin\u00e9 jeudi matin par le tribunal administratif. Le collectif de d\u00e9fense appelle \u00e0 manifester.<\/p>\n<p>C&rsquo;est devenu un feuilleton. Ce qui au d\u00e9part ressemblait \u00e0 un dossier parmi d&rsquo;autres est devenu au fil des mois un r\u00e9el sujet de discorde entre le maire PS et son opposition (Verts et extr\u00eame gauche), des \u00e9tudiants, des artistes, des d\u00e9fenseurs du patrimoine\u2026 Depuis deux ans, \u00e0 coups de manifestations, happennings divers, signatures de p\u00e9tition (*) et distribution de tracts, certains n&rsquo;ont cess\u00e9 de s&rsquo;opposer \u00e0 la vente partielle d&rsquo;un b\u00e2timent inaugur\u00e9 en 1954, reconstruit sur le lieu historique de l&rsquo;ancien th\u00e9\u00e2tre, \u0153uvre de l&rsquo;architecte Edouard Lardillier, sp\u00e9cialiste de la construction de cin\u00e9mas et th\u00e9\u00e2tres en France dans la premi\u00e8re moiti\u00e9 du vingti\u00e8me si\u00e8cle.<\/p>\n<p>Officialis\u00e9e par une d\u00e9cision du conseil municipal du 23\u00a0septembre\u00a02013, la vente de l&rsquo;ancien th\u00e9\u00e2tre a \u00e9t\u00e9 fix\u00e9e \u00e0 510.000\u2009\u20ac. La Ville doit conserver une partie du b\u00e2timent pour y cr\u00e9er sur 380\u00a0m<sup><span style=\"font-size: small\">2<\/span><\/sup>, fin 2015, <i>\u00ab\u00a0un lieu d\u00e9volu aux arts visuels\u00a0<\/i>\u00bb, le reste \u00e9tant occup\u00e9 par des commerces, bureaux et logements.<\/p>\n<p><span class=\"inter\">\u00ab\u00a0\u2009Marier patrimoine, culture et commerce\u2009\u00a0\u00bb<\/span><\/p>\n<p>Le maire Alain Claeys, en premi\u00e8re ligne sur ce dossier, n&rsquo;a cess\u00e9 de r\u00e9p\u00e9ter ces derniers mois que <i>\u00ab\u00a0Patrimoine, culture et commerce, c&rsquo;est un bon mariage. Et cession ne veut pas dire abandon\u00a0\u00bb.<\/i><br \/>\nPosition intenable aux yeux d&rsquo;un collectif qui stigmatise un dossier mont\u00e9<i>\u00a0\u00ab\u00a0sans v\u00e9ritable concertation, le d\u00e9risoire de la somme demand\u00e9e aux promoteurs, l&rsquo;opacit\u00e9 de l&rsquo;appel \u00e0 projets, les manquements \u00e0 la proc\u00e9dure\u2026\u00a0\u00bb<\/i><br \/>\nDans ce contexte, les choses ne pouvaient qu&rsquo;aboutir\u2026 Devant une juridiction. Jeudi matin, c&rsquo;est la justice administrative, saisie par le collectif de d\u00e9fense, qui devra trancher sur la validit\u00e9 de la d\u00e9lib\u00e9ration autorisant la vente de l&rsquo;ancien th\u00e9\u00e2tre.<br \/>\nLe rapporteur public ne fera conna\u00eetre sa d\u00e9cision d\u00e9finitive que sous quinzaine mais ses conclusions donneront d\u00e9j\u00e0 de pr\u00e9cieuses indications.<br \/>\nQuoi qu&rsquo;il en soit, les opposants ont d\u00e9j\u00e0 pr\u00e9venu. Si la d\u00e9cision du tribunal leur est favorable, disent-il, le maire devra <i>\u00ab\u00a0ouvrir la concertation\u00a0\u00bb.<\/i><br \/>\nSi elle leur \u00e9tait d\u00e9favorable, ils se r\u00e9serveraient alors le droit d&rsquo;attaquer un permis de construire qui contredit selon eux les r\u00e8glements du secteur sauvegard\u00e9. Vous avez dit feuilleton\u2009?<\/p>\n<p><b>(*) Celle-ci aurait d\u00e9j\u00e0 recueilli 7.000\u00a0signatures.<\/b><\/p>\n<p><span class=\"inter\">rep\u00e8res<\/span><\/p>\n<p>&gt;\u00a0Le collectif de d\u00e9fense de l&rsquo;ancien th\u00e9\u00e2tre organise deux rendez-vous pour la journ\u00e9e de jeudi.<br \/>\n&gt; \u00a0Le premier \u00e0 10\u2009h devant le tribunal administratif (15 rue de Blossac) \u00e0 l&rsquo;heure o\u00f9 sera examin\u00e9e la requ\u00eate en annulation de vente.<br \/>\n&gt;\u00a0Un second rassemblement est pr\u00e9vu \u00e0 17\u2009h devant l&rsquo;h\u00f4tel de ville. Le collectif entend y c\u00e9l\u00e9brer les 60 ans de l&rsquo;\u0153uvre d&rsquo;\u00c9douard Lardillier avec bougies, galettes et chocolat chaud \u00ab\u00a0pour souhaiter une longue vie de salle de spectacle \u00e0 un \u00e9difice qui doit rester dans le domaine public\u00a0\u00bb.<\/p>\n<div class=\"infosAuteur\"><em><span class=\"nom_auteur\">Jean-Michel Gouin, Nouvelle R\u00e9publique, 6 janvier 2015<\/span><\/em><\/div>\n<div class=\"infosAuteur\"><\/div>\n<div class=\"infosAuteur\"><strong>Mise \u00e0 jour :<\/strong><\/div>\n<div class=\"infosAuteur\"><\/div>\n<div class=\"infosAuteur\"><a href=\"http:\/\/www.lanouvellerepublique.fr\/Vienne\/Services\/Toutes-les-DMAs\/n\/Contenus\/DMAs\/2015\/01\/08\/Ancien-theatre-de-Poitiers-les-opposants-annulent-le-rassemblement-2178139\" target=\"_blank\"><strong>Ancien th\u00e9\u00e2tre de Poitiers: les opposants annulent le rassemblement<\/strong> <\/a><\/div>\n<div class=\"infosAuteur\">Les opposants \u00e0 l&rsquo;ancien th\u00e9\u00e2tre de Poitiers ont pris la d\u00e9cision ce jeudi matin d&rsquo;annuler le rassemblement qu&rsquo;ils souhaitaient organiser \u00e0 17\u00a0h place Leclerc devant l&rsquo;ancien th\u00e9\u00e2tre. Une d\u00e9cision prise pour ne pas interf\u00e9rer avec les rassemblements qui s&rsquo;organisent \u00e0 la suite du massacre des journalistes de Charlie Hebdo. Le rendez-vous est report\u00e9 au 22\u00a0janvier, date \u00e0 laquelle le tribunal administratif de Poitiers rendra sa d\u00e9cision sur l&rsquo;ancien th\u00e9\u00e2tre.<\/div>\n<div class=\"infosAuteur\"><em>Nouvelle R\u00e9publique, 8 janvier 2015<\/em><\/div>\n<div class=\"infosAuteur\"><\/div>\n<div class=\"infosAuteur\"><a href=\"http:\/\/www.lanouvellerepublique.fr\/Vienne\/Services\/Toutes-les-DMAs\/n\/Contenus\/DMAs\/2015\/01\/08\/Le-tribunal-administratif-pourrait-annuler-la-vente-de-l-ancien-theatre-2178136\" target=\"_blank\"><strong>Le tribunal administratif pourrait annuler la vente de l&rsquo;ancien th\u00e9\u00e2tre<\/strong> <\/a><\/div>\n<div class=\"infosAuteur\">.482\u00a0m2 comme le dit la Ville ou 2.500\u00a0m2 comme le disent les opposants \u00e0 la vente de l&rsquo;ancien th\u00e9\u00e2tre? Par ce qu&rsquo;il y a incertitude sur la surface, le rapporteur public a propos\u00e9 ce jeudi matin que le tribunal administratif annule \u00abpartiellement\u00bb la d\u00e9lib\u00e9ration du conseil municipal de Poitiers en date du 23\u00a0septembre 2013\u00a0qui actait la vente d&rsquo;une partie de l&rsquo;ancien th\u00e9\u00e2tre. Tous les autres arguments des opposants \u00e0 la cession ont \u00e9t\u00e9 recal\u00e9s. Mais la question de la surface est suffisante, en tout cas dans les conclusions du rapporteur public, pour que le compromis de vente sign\u00e9 entre le maire et l&rsquo;op\u00e9rateur priv\u00e9 soit remis en question. Le tribunal rendra sa d\u00e9cision le 22\u00a0janvier prochain. Plus d&rsquo;informations demain dans la Nouvelle R\u00e9publique.<\/div>\n<div class=\"infosAuteur\"><em>Nouvelle R\u00e9publique, 8 janvier 2015<\/em><\/div>\n","protected":false},"excerpt":{"rendered":"<p>L&rsquo;ancien th\u00e9\u00e2tre revient sur le devant de la sc\u00e8ne Le dossier de la r\u00e9gularit\u00e9 de la vente de l\u2019ancien th\u00e9\u00e2tre est examin\u00e9 jeudi matin par le tribunal administratif. Le collectif de d\u00e9fense appelle \u00e0 manifester. C&rsquo;est devenu un feuilleton. Ce &hellip; <a href=\"https:\/\/pn86.noblogs.org\/?p=13014\">Continuer la lecture <span class=\"meta-nav\">&rarr;<\/span><\/a><\/p>\n","protected":false},"author":2691,"featured_media":0,"comment_status":"open","ping_status":"open","sticky":false,"template":"","format":"standard","meta":{"footnotes":""},"categories":[30],"tags":[],"class_list":["post-13014","post","type-post","status-publish","format-standard","hentry","category-la-rue-grogne"],"_links":{"self":[{"href":"https:\/\/pn86.noblogs.org\/index.php?rest_route=\/wp\/v2\/posts\/13014","targetHints":{"allow":["GET"]}}],"collection":[{"href":"https:\/\/pn86.noblogs.org\/index.php?rest_route=\/wp\/v2\/posts"}],"about":[{"href":"https:\/\/pn86.noblogs.org\/index.php?rest_route=\/wp\/v2\/types\/post"}],"author":[{"embeddable":true,"href":"https:\/\/pn86.noblogs.org\/index.php?rest_route=\/wp\/v2\/users\/2691"}],"replies":[{"embeddable":true,"href":"https:\/\/pn86.noblogs.org\/index.php?rest_route=%2Fwp%2Fv2%2Fcomments&post=13014"}],"version-history":[{"count":3,"href":"https:\/\/pn86.noblogs.org\/index.php?rest_route=\/wp\/v2\/posts\/13014\/revisions"}],"predecessor-version":[{"id":13018,"href":"https:\/\/pn86.noblogs.org\/index.php?rest_route=\/wp\/v2\/posts\/13014\/revisions\/13018"}],"wp:attachment":[{"href":"https:\/\/pn86.noblogs.org\/index.php?rest_route=%2Fwp%2Fv2%2Fmedia&parent=13014"}],"wp:term":[{"taxonomy":"category","embeddable":true,"href":"https:\/\/pn86.noblogs.org\/index.php?rest_route=%2Fwp%2Fv2%2Fcategories&post=13014"},{"taxonomy":"post_tag","embeddable":true,"href":"https:\/\/pn86.noblogs.org\/index.php?rest_route=%2Fwp%2Fv2%2Ftags&post=13014"}],"curies":[{"name":"wp","href":"https:\/\/api.w.org\/{rel}","templated":true}]}}