{"id":13000,"date":"2015-01-05T08:34:34","date_gmt":"2015-01-05T07:34:34","guid":{"rendered":"http:\/\/pn86.noblogs.org\/?p=13000"},"modified":"2015-01-05T08:34:34","modified_gmt":"2015-01-05T07:34:34","slug":"poitiers-decorations-du-nouvel-an-en-centre-ville","status":"publish","type":"post","link":"https:\/\/pn86.noblogs.org\/?p=13000","title":{"rendered":"[Poitiers] D\u00e9corations du nouvel an en centre-ville"},"content":{"rendered":"<p><em><strong>NdPN<\/strong> : nous condamnons avec la plus grande indignation ces trois atteintes au patrimoine public, qui avilissent le centre-ville de Poitiers. Heureusement, cette expression marginale sera nettoy\u00e9e tr\u00e8s vite, et nous ne retrouverons bient\u00f4t plus, dans\u00a0l&rsquo;espace commun, que les milliers de publicit\u00e9s, enseignes\u00a0et slogans marchands, ainsi que le ronron des chantiers urbains, qui embellissent tant notre vie. <\/em><\/p>\n<p><a href=\"http:\/\/www.lanouvellerepublique.fr\/Vienne\/Actualite\/Faits-divers-justice\/n\/Contenus\/Articles\/2015\/01\/05\/Le-portail-de-Notre-Dame-la-Grande-tague-2174267\" target=\"_blank\"><strong>Le portail de Notre-Dame-la-Grande tagu\u00e9<\/strong><\/a><\/p>\n<p><img loading=\"lazy\" decoding=\"async\" class=\"alignnone\" src=\"http:\/\/www.lanouvellerepublique.fr\/var\/nrv2\/storage\/images\/contenus\/articles\/2015\/01\/05\/le-portail-de-notre-dame-la-grande-tague-2174267\/40276002-1-fre-FR\/Le-portail-de-Notre-Dame-la-Grande-tague_image_article_large.jpg\" alt=\"\" width=\"488\" height=\"319\" \/><\/p>\n<p>Un grand tag \u00e0 la peinture gris argent barre la moiti\u00e9 du portail de la fa\u00e7ade Notre-Dame-la-Grande. Il a \u00e9t\u00e9 trac\u00e9 au cours de la nuit de samedi \u00e0 dimanche. Sur le portail, on peut d\u00e9chiffrer ce qui ressemble \u00e0 \u00ab\u00a0\u2009God hate U\u2009\u00a0\u00bb (Dieu vous hait).<\/p>\n<p>Les paroissiens qui se rendaient \u00e0 la messe hier matin marquaient leur d\u00e9sapprobation en d\u00e9couvrant l&rsquo;inscription. Le portail de la fac du Droit, tout proche, a lui aussi \u00e9t\u00e9 gratifi\u00e9 d&rsquo;un message personnalis\u00e9\u2026 \u00ab\u00a0\u2009Nique le droit\u2009\u00a0\u00bb\u2009!<br \/>\nEnfin, un grand A a aussi \u00e9t\u00e9 trac\u00e9 \u00e0 la bombe sur la devanture vitr\u00e9e d&rsquo;une banque. Aucun autre tag de ce type n&rsquo;a \u00e9t\u00e9 signal\u00e9 en ville. La provocation reste isol\u00e9e. Un d\u00e9bordement fr\u00e9quent des samedis soirs trop arros\u00e9s.<br \/>\nElle n&rsquo;en a pas moins fait r\u00e9agir les paroissiens qui ont d\u00e9couvert le tag sur le portail de leur \u00e9glise. <i>\u00ab\u00a0Lamentable, on se demande ce qu&rsquo;ils ont dans la t\u00eate\u00a0\u00bb<\/i>, r\u00e9agit un Poitevin. <i>\u00ab\u00a0Ils ne savent m\u00eame pas \u00e0 quelle Maison ils s&rsquo;attaquent\u2009! Sinon, ils ne le feraient pas, \u00e7a ne repr\u00e9sente rien pour eux\u00a0\u00bb<\/i>, rench\u00e9rit une femme.<br \/>\nLe cur\u00e9 en charge du lieu, le p\u00e8re Julien Dupont avait de son c\u00f4t\u00e9 r\u00e9agi hier matin, sur le site facebook du journal, d\u00e8s la publication de l&rsquo;information\u2009: <i>\u00ab\u00a0Je me d\u00e9sole de voir que certaines personnes ne respectent pas le patrimoine de notre ville. Ce n&rsquo;est malheureusement pas la premi\u00e8re fois, mais il ne faut pas survaloriser de tels actes\u2009: c&rsquo;est leur donner une importance m\u00e9diatique qui risque d&rsquo;en inciter d&rsquo;autres \u00e0 choisir Notre-Dame comme porte-voix de leurs id\u00e9es.\u00a0\u00bb<\/i><br \/>\nLa question du nettoyage rapide du tag se posait d\u00e8s hier matin. Les paroissiens et les amoureux du patrimoine esp\u00e9raient un nettoyage rapide, comme lorsque des tags fleurissent sur les murs du centre-ville de Poitiers. <i>\u00ab\u00a0M\u00eame pour les touristes, ce n&rsquo;est pas tr\u00e8s appropri\u00e9.\u00a0\u00bb<\/i><br \/>\nLe lieu de culte est aussi le monument embl\u00e9matique de la ville. Il avait retrouv\u00e9 son visage habituel dans l&rsquo;apr\u00e8s-midi apr\u00e8s un nettoyage efficace. Quant au portail de la fac de Droit\u2026 Personne ne s&rsquo;en est \u00e9mu\u2009!<\/p>\n<div class=\"infosAuteur\"><em><span class=\"nom_auteur\"> E.C.<\/span>, Nouvelle R\u00e9publique, 5 janvier 2015<\/em><\/div>\n","protected":false},"excerpt":{"rendered":"<p>NdPN : nous condamnons avec la plus grande indignation ces trois atteintes au patrimoine public, qui avilissent le centre-ville de Poitiers. Heureusement, cette expression marginale sera nettoy\u00e9e tr\u00e8s vite, et nous ne retrouverons bient\u00f4t plus, dans\u00a0l&rsquo;espace commun, que les milliers &hellip; <a href=\"https:\/\/pn86.noblogs.org\/?p=13000\">Continuer la lecture <span class=\"meta-nav\">&rarr;<\/span><\/a><\/p>\n","protected":false},"author":2691,"featured_media":0,"comment_status":"open","ping_status":"open","sticky":false,"template":"","format":"standard","meta":{"footnotes":""},"categories":[37],"tags":[],"class_list":["post-13000","post","type-post","status-publish","format-standard","hentry","category-defense-dafficher"],"_links":{"self":[{"href":"https:\/\/pn86.noblogs.org\/index.php?rest_route=\/wp\/v2\/posts\/13000","targetHints":{"allow":["GET"]}}],"collection":[{"href":"https:\/\/pn86.noblogs.org\/index.php?rest_route=\/wp\/v2\/posts"}],"about":[{"href":"https:\/\/pn86.noblogs.org\/index.php?rest_route=\/wp\/v2\/types\/post"}],"author":[{"embeddable":true,"href":"https:\/\/pn86.noblogs.org\/index.php?rest_route=\/wp\/v2\/users\/2691"}],"replies":[{"embeddable":true,"href":"https:\/\/pn86.noblogs.org\/index.php?rest_route=%2Fwp%2Fv2%2Fcomments&post=13000"}],"version-history":[{"count":1,"href":"https:\/\/pn86.noblogs.org\/index.php?rest_route=\/wp\/v2\/posts\/13000\/revisions"}],"predecessor-version":[{"id":13001,"href":"https:\/\/pn86.noblogs.org\/index.php?rest_route=\/wp\/v2\/posts\/13000\/revisions\/13001"}],"wp:attachment":[{"href":"https:\/\/pn86.noblogs.org\/index.php?rest_route=%2Fwp%2Fv2%2Fmedia&parent=13000"}],"wp:term":[{"taxonomy":"category","embeddable":true,"href":"https:\/\/pn86.noblogs.org\/index.php?rest_route=%2Fwp%2Fv2%2Fcategories&post=13000"},{"taxonomy":"post_tag","embeddable":true,"href":"https:\/\/pn86.noblogs.org\/index.php?rest_route=%2Fwp%2Fv2%2Ftags&post=13000"}],"curies":[{"name":"wp","href":"https:\/\/api.w.org\/{rel}","templated":true}]}}