{"id":12996,"date":"2014-12-29T10:15:00","date_gmt":"2014-12-29T09:15:00","guid":{"rendered":"http:\/\/pn86.noblogs.org\/?p=12996"},"modified":"2014-12-29T10:16:39","modified_gmt":"2014-12-29T09:16:39","slug":"calais-vive-le-vent-vive-le-vent-dhiver","status":"publish","type":"post","link":"https:\/\/pn86.noblogs.org\/?p=12996","title":{"rendered":"[Calais] Vive le vent, vive le vent d&rsquo;hiver"},"content":{"rendered":"<h2><img loading=\"lazy\" decoding=\"async\" class=\"alignnone\" src=\"http:\/\/img4.hostingpics.net\/pics\/456620laclotureantimigrantsaetearracheeparleventphotoafp6044d.jpg\" alt=\"\" width=\"430\" height=\"287\" \/><\/h2>\n<h2><a href=\"https:\/\/sanspapiersnifrontieres.noblogs.org\/post\/2014\/12\/27\/calais-au-vent-qui-seme-la-tempete\/\" target=\"_blank\"><span style=\"color: #0066cc\">[Calais] Au vent qui s\u00e8me la temp\u00eate\u2026<\/span><\/a><\/h2>\n<p>La <a href=\"https:\/\/sanspapiersnifrontieres.noblogs.org\/post\/2014\/12\/21\/calais-16-decembre-rafle-et-manifestation-contre-le-mur-de-la-honte\/\"><span style=\"color: #0066cc\">toute nouvelle barri\u00e8re anti-migrants<\/span><\/a> install\u00e9e autour du terminal d\u2019embarquement dans le port de Calais a \u00e9t\u00e9 sauvagement attaqu\u00e9e ce matin par des rafales de vent mal intentionn\u00e9es qui ont <a href=\"https:\/\/www.youtube.com\/watch?feature=player_embedded&amp;v=r7h-KGChKvg\"><span style=\"color: #0066cc\">mis \u00e0 bas une partie de la cl\u00f4ture.<\/span><\/a> Le groupuscule cataclysmique ne s\u2019est pas content\u00e9 de ce sabotage et a \u00e9galement bloqu\u00e9 le port pendant deux heures (en solidarit\u00e9 avec les migrant-e-s para\u00eet-il).<\/p>\n<p>Vive le vent d\u2019hiver !<\/p>\n<p><em>D\u2019apr\u00e8s la presse<\/em><\/p>\n<p><em>Vu sur le blog Sans papiers ni fronti\u00e8res, 27 d\u00e9cembre 2014<\/em><\/p>\n","protected":false},"excerpt":{"rendered":"<p>[Calais] Au vent qui s\u00e8me la temp\u00eate\u2026 La toute nouvelle barri\u00e8re anti-migrants install\u00e9e autour du terminal d\u2019embarquement dans le port de Calais a \u00e9t\u00e9 sauvagement attaqu\u00e9e ce matin par des rafales de vent mal intentionn\u00e9es qui ont mis \u00e0 bas &hellip; <a href=\"https:\/\/pn86.noblogs.org\/?p=12996\">Continuer la lecture <span class=\"meta-nav\">&rarr;<\/span><\/a><\/p>\n","protected":false},"author":2691,"featured_media":0,"comment_status":"open","ping_status":"open","sticky":false,"template":"","format":"standard","meta":{"footnotes":""},"categories":[31],"tags":[],"class_list":["post-12996","post","type-post","status-publish","format-standard","hentry","category-ni-frontieres-ni-nations"],"_links":{"self":[{"href":"https:\/\/pn86.noblogs.org\/index.php?rest_route=\/wp\/v2\/posts\/12996","targetHints":{"allow":["GET"]}}],"collection":[{"href":"https:\/\/pn86.noblogs.org\/index.php?rest_route=\/wp\/v2\/posts"}],"about":[{"href":"https:\/\/pn86.noblogs.org\/index.php?rest_route=\/wp\/v2\/types\/post"}],"author":[{"embeddable":true,"href":"https:\/\/pn86.noblogs.org\/index.php?rest_route=\/wp\/v2\/users\/2691"}],"replies":[{"embeddable":true,"href":"https:\/\/pn86.noblogs.org\/index.php?rest_route=%2Fwp%2Fv2%2Fcomments&post=12996"}],"version-history":[{"count":3,"href":"https:\/\/pn86.noblogs.org\/index.php?rest_route=\/wp\/v2\/posts\/12996\/revisions"}],"predecessor-version":[{"id":12999,"href":"https:\/\/pn86.noblogs.org\/index.php?rest_route=\/wp\/v2\/posts\/12996\/revisions\/12999"}],"wp:attachment":[{"href":"https:\/\/pn86.noblogs.org\/index.php?rest_route=%2Fwp%2Fv2%2Fmedia&parent=12996"}],"wp:term":[{"taxonomy":"category","embeddable":true,"href":"https:\/\/pn86.noblogs.org\/index.php?rest_route=%2Fwp%2Fv2%2Fcategories&post=12996"},{"taxonomy":"post_tag","embeddable":true,"href":"https:\/\/pn86.noblogs.org\/index.php?rest_route=%2Fwp%2Fv2%2Ftags&post=12996"}],"curies":[{"name":"wp","href":"https:\/\/api.w.org\/{rel}","templated":true}]}}