{"id":12942,"date":"2014-12-03T11:25:10","date_gmt":"2014-12-03T10:25:10","guid":{"rendered":"http:\/\/pn86.noblogs.org\/?p=12942"},"modified":"2014-12-03T11:36:07","modified_gmt":"2014-12-03T10:36:07","slug":"poitiers-sur-les-elections-professionnelles-de-la-fonction-publique-detat","status":"publish","type":"post","link":"https:\/\/pn86.noblogs.org\/?p=12942","title":{"rendered":"[Poitiers] Sur les \u00e9lections professionnelles de la fonction publique d&rsquo;Etat"},"content":{"rendered":"<p>Le projet syndicaliste est historiquement\u00a0fond\u00e9, au moins en France,\u00a0sur la lutte des classes et l&rsquo;action directe contre le patronat et les gouvernants, par\u00a0l&rsquo;ind\u00e9pendance et l&rsquo;autonomie des prol\u00e9taires auto-organis\u00e9s, en vue d&rsquo;une r\u00e9organisation r\u00e9volutionnaire de la soci\u00e9t\u00e9 sur de nouvelles bases \u00e9conomiques, o\u00f9 la production r\u00e9pondrait aux besoins r\u00e9els des populations.<\/p>\n<p>Selon la charte d&rsquo;Amiens (1906), fortement inspir\u00e9e des syndicalistes r\u00e9volutionnaires et anarchistes, et\u00a0que sont toujours\u00a0cens\u00e9s reconna\u00eetre les principaux syndicats en France, la lutte syndicale vise \u00e0 abolir le salariat et le patronat, et \u00e0 combattre les gouvernants. Pour cela, la lutte pour les \u00ab\u00a0am\u00e9liorations imm\u00e9diates\u00a0\u00bb s&rsquo;inscrit clairement dans l&rsquo;objectif de gagner en force et en organisation en vue de\u00a0\u00ab\u00a0l&rsquo;\u00e9mancipation int\u00e9grale\u00a0\u00bb et de \u00ab\u00a0l&rsquo;expropriation capitaliste\u00a0\u00bb. De fait, les syndicats \u00e0 s&rsquo;en souvenir aujourd&rsquo;hui sont loin d&rsquo;\u00eatre majoritaires. Il s&rsquo;agit des diverses scissions de la CNT, quoi qu&rsquo;il y aurait mati\u00e8re \u00e0 discussion sur leur participation ou non aux \u00e9lections professionnelles. On peut aussi citer Solidaires, m\u00eame s&rsquo;il y aurait encore\u00a0plus ample mati\u00e8re \u00e0 d\u00e9bat vues certaines d\u00e9clarations.<\/p>\n<p>Demain jeudi 4 d\u00e9cembre 2014 auront lieu les \u00e9lections professionnelles pour les salari\u00e9.e.s de la fonction publique d&rsquo;Etat, en vue d&rsquo;\u00e9lire des repr\u00e9sentants dans des institutions telles que\u00a0la commission administrative paritaire, le comit\u00e9 technique et le comit\u00e9 d&rsquo;hygi\u00e8ne.\u00a0D&rsquo;un point de vue syndicaliste \u00ab\u00a0pur\u00a0\u00bb,\u00a0ces \u00e9lections sont aberrantes dans leur principe de\u00a0paritarisme et de collaboration de fait avec ce qu&rsquo;on est cens\u00e9 combattre et abattre. M\u00eame si nous admettons, dans une certaine mesure, que ces \u00e9lections puissent permettre d&rsquo;imposer un meilleur rapport de force\u00a0(il existe tout de m\u00eame certaines sections plus combatives que d&rsquo;autres), le probl\u00e8me est que les travailleur.euse.s n&rsquo;ont le choix qu&rsquo;entre des syndicats de collaboration de classe. Voil\u00e0 bien longtemps que le r\u00e9formisme crasse de la direction de la CGT (jusque-l\u00e0 majoritaire) ne nous semble plus porter aucun espoir. Quant aux deux autres syndicats (FO et CFDT), contentons-nous de citer\u00a0ici deux passages d&rsquo;articles parus aujourd&rsquo;hui dans la Nouvelle R\u00e9publique :<\/p>\n<p>FO : <em>\u00ab\u00a0<\/em><i>nous on est l\u00e0 pour faire avancer les choses, donc on propose. On reste r\u00e9alistes, on ne vend pas du r\u00eave\u00a0\u00bb. <\/i>Le syndicat pr\u00e9sente \u00ab\u00a0un bon bilan\u00a0\u00bb qui met en avant son travail sur les questions de pr\u00e9voyance, la participation des employeurs aux mutuelles, l&rsquo;accord sur le travail du dimanche.<\/p>\n<p>CFDT : \u00a0le syndicat dit se tenir<i> \u00ab\u00a0\u00e0 l&rsquo;\u00e9cart des querelles d&rsquo;ego\u00a0\u00bb<\/i> et d\u00e9fend <i>\u00ab\u00a0l&rsquo;utilit\u00e9 du dialogue social avec les employeurs\u00a0\u00bb.<\/i><\/p>\n<p>De nombreuses raisons expliquent que ce syndicalisme institutionnel soit devenu le lubrifiant\u00a0n\u00e9cessaire \u00e0 la p\u00e9rennisation du capitalisme et de l&rsquo;Etat : r\u00e9pression brutale des luttes, pr\u00e9carisation des prolos, productivisme forcen\u00e9, peur du ch\u00f4mage, bureaucratisation repr\u00e9sentativiste et\u00a0illusions \u00e9lectoralistes nous ont \u00e9cras\u00e9.e.s, divis\u00e9.e.s, et repli\u00e9.e.s sur nous-m\u00eames au point que nous sommes pour la plupart r\u00e9duit.e.s \u00e0 accepter tout et n&rsquo;importe quoi, m\u00eame un taf\u00a0mal pay\u00e9 pour produire des biens et services socialement et \u00e9cologiquement nuisibles. Nos lecteur.ice.s auront sans doute constat\u00e9 depuis longtemps combien ces \u00ab\u00a0repr\u00e9sentants\u00a0\u00bb syndicaux sont pass\u00e9.e.s ma\u00eetres dans l&rsquo;art d&rsquo;\u00e9touffer les mouvements sociaux.\u00a0La bataille r\u00e9currente des grandes organisations \u00ab\u00a0syndicales\u00a0\u00bb pour les subventions publiques n&rsquo;est que la cons\u00e9quence d&rsquo;un d\u00e9litement g\u00e9n\u00e9ralis\u00e9 de l&rsquo;organisation de notre classe prol\u00e9taire. Pendant ce temps, le \u00ab\u00a0syndicalisme\u00a0\u00bb\u00a0patronal s&rsquo;organise avec force manifs et\u00a0coups de comm&rsquo;, et son alli\u00e9 \u00e9tatique, hier de droite et aujourd&rsquo;hui de gauche, r\u00e9pond \u00e0 toutes ses attentes, ainsi qu&rsquo;il l&rsquo;a toujours fait.<\/p>\n<p><img loading=\"lazy\" decoding=\"async\" class=\"alignnone\" src=\"http:\/\/s2.lemde.fr\/image\/2014\/08\/27\/534x267\/4477752_3_1027_negociation-d-entreprise-duree-du-travail_b205b78ef3c6a063fdcfe85efe28b026.jpg\" alt=\"\" width=\"534\" height=\"267\" \/><\/p>\n<p>Retenons simplement que nous, prolos\u00a0au taf ou au ch\u00f4mage,\u00a0devrons nous organiser par nous-m\u00eames sur des bases autonomes, dans les sections syndicales combatives ou en-dehors, si nous envisageons un tant soit peu de r\u00e9sister aux assauts de la classe dominante. Nous n&rsquo;avons besoin d&rsquo;aucun chef ni repr\u00e9sentant.e pour nous organiser de fa\u00e7on \u00e0 imposer un v\u00e9ritable rapport de force. Les exploiteurs ne tirent leur force que de notre peine, de notre r\u00e9signation, de nos collaborations et humiliations quotidiennes qui nous divisent, nous avilissent et nous font honte.<\/p>\n<p>Cessons de mourir un peu plus chaque jour en nous agenouillant face \u00e0 cette clique de dominants cyniques, qui nous \u00e9crase la tronche, nous agonise de son orgueilleux m\u00e9pris, nous mutile et nous tue. Nous produisons tout, ils n&rsquo;ont que leur sale pognon et leur imagination st\u00e9rile. Levons-nous pour les exproprier tous. Les temps ne sont plus aux plaintes et au d\u00e9bat avec les bourreaux, mais \u00e0 l&rsquo;insurrection. Ce monde nous revient.<\/p>\n<p>Pavillon Noir<\/p>\n","protected":false},"excerpt":{"rendered":"<p>Le projet syndicaliste est historiquement\u00a0fond\u00e9, au moins en France,\u00a0sur la lutte des classes et l&rsquo;action directe contre le patronat et les gouvernants, par\u00a0l&rsquo;ind\u00e9pendance et l&rsquo;autonomie des prol\u00e9taires auto-organis\u00e9s, en vue d&rsquo;une r\u00e9organisation r\u00e9volutionnaire de la soci\u00e9t\u00e9 sur de nouvelles bases &hellip; <a href=\"https:\/\/pn86.noblogs.org\/?p=12942\">Continuer la lecture <span class=\"meta-nav\">&rarr;<\/span><\/a><\/p>\n","protected":false},"author":2691,"featured_media":0,"comment_status":"open","ping_status":"open","sticky":false,"template":"","format":"standard","meta":{"footnotes":""},"categories":[1],"tags":[],"class_list":["post-12942","post","type-post","status-publish","format-standard","hentry","category-general"],"_links":{"self":[{"href":"https:\/\/pn86.noblogs.org\/index.php?rest_route=\/wp\/v2\/posts\/12942","targetHints":{"allow":["GET"]}}],"collection":[{"href":"https:\/\/pn86.noblogs.org\/index.php?rest_route=\/wp\/v2\/posts"}],"about":[{"href":"https:\/\/pn86.noblogs.org\/index.php?rest_route=\/wp\/v2\/types\/post"}],"author":[{"embeddable":true,"href":"https:\/\/pn86.noblogs.org\/index.php?rest_route=\/wp\/v2\/users\/2691"}],"replies":[{"embeddable":true,"href":"https:\/\/pn86.noblogs.org\/index.php?rest_route=%2Fwp%2Fv2%2Fcomments&post=12942"}],"version-history":[{"count":4,"href":"https:\/\/pn86.noblogs.org\/index.php?rest_route=\/wp\/v2\/posts\/12942\/revisions"}],"predecessor-version":[{"id":12946,"href":"https:\/\/pn86.noblogs.org\/index.php?rest_route=\/wp\/v2\/posts\/12942\/revisions\/12946"}],"wp:attachment":[{"href":"https:\/\/pn86.noblogs.org\/index.php?rest_route=%2Fwp%2Fv2%2Fmedia&parent=12942"}],"wp:term":[{"taxonomy":"category","embeddable":true,"href":"https:\/\/pn86.noblogs.org\/index.php?rest_route=%2Fwp%2Fv2%2Fcategories&post=12942"},{"taxonomy":"post_tag","embeddable":true,"href":"https:\/\/pn86.noblogs.org\/index.php?rest_route=%2Fwp%2Fv2%2Ftags&post=12942"}],"curies":[{"name":"wp","href":"https:\/\/api.w.org\/{rel}","templated":true}]}}