{"id":12912,"date":"2014-11-16T09:45:22","date_gmt":"2014-11-16T08:45:22","guid":{"rendered":"http:\/\/pn86.noblogs.org\/?p=12912"},"modified":"2014-11-16T09:45:22","modified_gmt":"2014-11-16T08:45:22","slug":"mort-a-sivens-matraques-a-poitiers-luttons-contre-les-violences-detat","status":"publish","type":"post","link":"https:\/\/pn86.noblogs.org\/?p=12912","title":{"rendered":"Mort \u00e0 Sivens, matraqu\u00e9s \u00e0 Poitiers : luttons contre les violences d\u2019Etat"},"content":{"rendered":"<p><strong>Mort \u00e0 Sivens, matraqu\u00e9s \u00e0 Poitiers\u00a0: luttons contre les violences d\u2019Etat<\/strong><\/p>\n<p>Dans la nuit du 26 au 27 octobre 2014, R\u00e9mi Fraisse, 21 ans, a \u00e9t\u00e9 tu\u00e9 par les gendarmes mobiles, la partie sup\u00e9rieure du dos arrach\u00e9e par une grenade militaire.<\/p>\n<p>Cet \u00e9v\u00e9nement horrible fait suite \u00e0 plus de 2 mois d\u2019affrontements sur la zone du barrage de Sivens, 2 mois de violences et harc\u00e8lement par les \u00ab\u00a0forces de l\u2019ordre\u00a0\u00bb\u00a0: tirs de flashball \u00e0 bout portant, tirs tendus de grenades, destruction des effets personnels&#8230;<\/p>\n<p>II fait suite \u00e0 une longue liste de mutilations caus\u00e9es par les armes pr\u00e9tendument \u00ab\u00a0non l\u00e9tales\u00a0\u00bb\u00a0: \u00e0 Nantes, le 22 f\u00e9vrier 2014, 3 manifestants ont perdu un \u0153il par tirs de flashball.<\/p>\n<p>R\u00e9mi est aussi la sixi\u00e8me personne tu\u00e9e par la police en France cette ann\u00e9e.<\/p>\n<p>Non seulement l\u2019Etat a permis la mort d\u2019un jeune homme, mais encore il poursuit aujourd\u2019hui ses provocations dans le d\u00e9ni et la criminalisation des manifestants.<\/p>\n<p>A Poitiers, une manifestation en m\u00e9moire de R\u00e9mi a eu lieu jeudi 30 octobre. Sans aucune explication, la police poitevine a charg\u00e9 et matraqu\u00e9 les manifestants, encercl\u00e9s sur un trottoir du boulevard Chasseigne. Trois manifestants ont alors \u00e9t\u00e9 arr\u00eat\u00e9s\u00a0: ils ont pass\u00e9 24 heures en garde \u00e0 vue. Deux d\u2019entre eux sont inculp\u00e9s pour violences et outrage.<\/p>\n<p>Depuis plusieurs ann\u00e9es, le droit de manifester est r\u00e9guli\u00e8rement entrav\u00e9 \u00e0 Poitiers, certains militants sont harcel\u00e9s. Il est de notori\u00e9t\u00e9 que l\u2019utilisation des \u00ab\u00a0outrages\u00a0\u00bb est aussi devenu une technique de r\u00e9pression.<\/p>\n<p>A Sivens, Notre-Dame-des-Landes, Poitiers, comme dans les quartiers populaires, c\u2019est le m\u00eame syst\u00e8me r\u00e9pressif qui frappe. C\u2019est la logique d\u2019un Etat pour qui le m\u00e9pris et la violence militaire sont les seules r\u00e9ponses aux in\u00e9galit\u00e9s, aux mouvements sociaux, \u00e0 tous ceux qui luttent et inventent aujourd\u2019hui une autre mani\u00e8re de vivre.<\/p>\n<p>Nous d\u00e9non\u00e7ons les intimidations de la police \u00e0 l\u2019encontre des manifestants, et toutes les violences polici\u00e8res, \u00e0 Poitiers, Sivens et partout ailleurs.<\/p>\n<p style=\"text-align: center\"><strong>Nous appelons \u00e0 une manifestation<\/strong><\/p>\n<p style=\"text-align: center\"><strong>le samedi 22 novembre<\/strong><\/p>\n<p style=\"text-align: center\"><strong>\u00e0 Poitiers, place d\u2019Armes, 14 heures<\/strong><\/p>\n<p align=\"LEFT\"><em>Comit\u00e9 poitevin contre la r\u00e9pression des mouvements sociaux, NPA 86, Comit\u00e9 poitevin contre l&rsquo;a\u00e9roport de Notre-Dame-des-Landes et son monde, Ensemble, Organisation communiste libertaire, Pavillon noir, Les Amis de la Terre, Parti de Gauche.<\/em><\/p>\n<p>&nbsp;<\/p>\n","protected":false},"excerpt":{"rendered":"<p>Mort \u00e0 Sivens, matraqu\u00e9s \u00e0 Poitiers\u00a0: luttons contre les violences d\u2019Etat Dans la nuit du 26 au 27 octobre 2014, R\u00e9mi Fraisse, 21 ans, a \u00e9t\u00e9 tu\u00e9 par les gendarmes mobiles, la partie sup\u00e9rieure du dos arrach\u00e9e par une grenade &hellip; <a href=\"https:\/\/pn86.noblogs.org\/?p=12912\">Continuer la lecture <span class=\"meta-nav\">&rarr;<\/span><\/a><\/p>\n","protected":false},"author":2691,"featured_media":0,"comment_status":"open","ping_status":"open","sticky":false,"template":"","format":"standard","meta":{"footnotes":""},"categories":[30,27,28],"tags":[],"class_list":["post-12912","post","type-post","status-publish","format-standard","hentry","category-la-rue-grogne","category-repression","category-se-trouver"],"_links":{"self":[{"href":"https:\/\/pn86.noblogs.org\/index.php?rest_route=\/wp\/v2\/posts\/12912","targetHints":{"allow":["GET"]}}],"collection":[{"href":"https:\/\/pn86.noblogs.org\/index.php?rest_route=\/wp\/v2\/posts"}],"about":[{"href":"https:\/\/pn86.noblogs.org\/index.php?rest_route=\/wp\/v2\/types\/post"}],"author":[{"embeddable":true,"href":"https:\/\/pn86.noblogs.org\/index.php?rest_route=\/wp\/v2\/users\/2691"}],"replies":[{"embeddable":true,"href":"https:\/\/pn86.noblogs.org\/index.php?rest_route=%2Fwp%2Fv2%2Fcomments&post=12912"}],"version-history":[{"count":1,"href":"https:\/\/pn86.noblogs.org\/index.php?rest_route=\/wp\/v2\/posts\/12912\/revisions"}],"predecessor-version":[{"id":12913,"href":"https:\/\/pn86.noblogs.org\/index.php?rest_route=\/wp\/v2\/posts\/12912\/revisions\/12913"}],"wp:attachment":[{"href":"https:\/\/pn86.noblogs.org\/index.php?rest_route=%2Fwp%2Fv2%2Fmedia&parent=12912"}],"wp:term":[{"taxonomy":"category","embeddable":true,"href":"https:\/\/pn86.noblogs.org\/index.php?rest_route=%2Fwp%2Fv2%2Fcategories&post=12912"},{"taxonomy":"post_tag","embeddable":true,"href":"https:\/\/pn86.noblogs.org\/index.php?rest_route=%2Fwp%2Fv2%2Ftags&post=12912"}],"curies":[{"name":"wp","href":"https:\/\/api.w.org\/{rel}","templated":true}]}}