{"id":12902,"date":"2014-11-08T11:24:05","date_gmt":"2014-11-08T10:24:05","guid":{"rendered":"http:\/\/pn86.noblogs.org\/?p=12902"},"modified":"2014-11-08T11:24:05","modified_gmt":"2014-11-08T10:24:05","slug":"poitiers-kamel-libere-mais-toujours-sous-oqtf-la-lutte-continue","status":"publish","type":"post","link":"https:\/\/pn86.noblogs.org\/?p=12902","title":{"rendered":"[Poitiers] Kamel lib\u00e9r\u00e9 mais toujours sous OQTF, la lutte continue"},"content":{"rendered":"<p><a href=\"http:\/\/www.lanouvellerepublique.fr\/Vienne\/Actualite\/Economie-social\/n\/Contenus\/Articles\/2014\/11\/08\/Kamel-libere-du-centre-de-retention-2110125\" target=\"_blank\"><strong>Kamel lib\u00e9r\u00e9 du centre de r\u00e9tention<\/strong><\/a><\/p>\n<p><i>K<\/i><i>amel a quitt\u00e9 le centre de r\u00e9tention administratif de Bordeaux \u00e0 midi.<\/i> L&rsquo;annonce d&rsquo;Yvon Pla\u00e7ais porte-parole \u00ab D&rsquo;ailleurs nous sommes d&rsquo;ici \u00bb, vendredi, vers 13\u00a0h, a provoqu\u00e9 les applaudissements des camarades de Kamel, rassembl\u00e9s devant le lyc\u00e9e Auguste-Perret.<\/p>\n<p>L&rsquo;administration conteste les documents d&rsquo;identit\u00e9 du jeune homme dont sa date de naissance. Il avait \u00e9t\u00e9 plac\u00e9 en centre de r\u00e9tention d\u00e9but octobre.<br \/>\nSa lib\u00e9ration a \u00e9t\u00e9 d\u00e9cid\u00e9e jeudi soir par le pr\u00e9fet de la Vienne, \u00e0 la veille du mot d&rsquo;ordre de mobilisation lanc\u00e9 par DNSI, des lyc\u00e9ens et des personnels d&rsquo;Auguste-Perret. Ils devaient aller en cort\u00e8ge jusqu&rsquo;\u00e0 la pr\u00e9fecture, lieu d&rsquo;un sit-in. Cette manifestation a \u00e9t\u00e9 annul\u00e9e et remplac\u00e9e par un rassemblement.<br \/>\nToutefois des jeunes exprimaient leur scepticisme sur le devenir de Kamel qui doit r\u00e9int\u00e9grer le lyc\u00e9e lundi prochain. Ils pointaient du doigt l&rsquo;Obligation de quitter le territoire qui reste d&rsquo;actualit\u00e9. Son avocate a proc\u00e9d\u00e9 \u00e0 un nouvel appel devant la cour administrative d&rsquo;appel de Bordeaux pour qu&rsquo;elle soit annul\u00e9e.<br \/>\n<i>\u00ab Ce premier recul de la pr\u00e9fecture est li\u00e9 \u00e0 votre mobilisation et \u00e0 la d\u00e9fense acharn\u00e9e de son avocate,<\/i> leur d\u00e9clarait Yvon Pla\u00e7ais.<i>\u00a0En raison du maintien de l&rsquo;OQTF, il faut continuer de se mobiliser, organiser une nouvelle manifestation \u00e9largie aux autres lyc\u00e9es de Poitiers car le cas de Kamel n&rsquo;est pas isol\u00e9.\u00bb<\/i><br \/>\nRendez-vous a \u00e9t\u00e9 pris le jeudi 13\u00a0novembre pour un sit-in devant la pr\u00e9fecture vers 12\u00a0h 30.<\/p>\n<p><span class=\"inter\">en savoir plus<\/span><\/p>\n<p><b>La pr\u00e9fecture s&rsquo;explique sur sa d\u00e9cision<\/b><\/p>\n<p>La pr\u00e9fecture que nous avons contact\u00e9 a apport\u00e9 les pr\u00e9cisions suivantes: <i>\u00ab Sur les conseils de son avocat, Kamel a refus\u00e9 par deux fois de rencontrer les autorit\u00e9s consulaires, cela impose donc une enqu\u00eate dans le pays d&rsquo;origine. Pour faire des v\u00e9rifications, nous avons besoin de temps, il \u00e9tait donc devenu incompatible de le maintenir en centre de r\u00e9tention, ce qui explique sa sortie depuis ce matin (NDLR: vendredi). S&rsquo;il revient dans le d\u00e9partement 86, la pr\u00e9fecture de la Vienne l&rsquo;assignera \u00e0 r\u00e9sidence pour mettre \u00e0 ex\u00e9cution l&rsquo;Obligation de quitter le territoire car cela est toujours d&rsquo;actualit\u00e9 \u00bb.<\/i><\/p>\n<div class=\"infosAuteur\"><span class=\"nom_auteur\"><em>Marie-Catherine Bernard<\/em><\/span><em>, Nouvelle R\u00e9publique, 8 novembre 2014<\/em><\/div>\n","protected":false},"excerpt":{"rendered":"<p>Kamel lib\u00e9r\u00e9 du centre de r\u00e9tention Kamel a quitt\u00e9 le centre de r\u00e9tention administratif de Bordeaux \u00e0 midi. L&rsquo;annonce d&rsquo;Yvon Pla\u00e7ais porte-parole \u00ab D&rsquo;ailleurs nous sommes d&rsquo;ici \u00bb, vendredi, vers 13\u00a0h, a provoqu\u00e9 les applaudissements des camarades de Kamel, rassembl\u00e9s &hellip; <a href=\"https:\/\/pn86.noblogs.org\/?p=12902\">Continuer la lecture <span class=\"meta-nav\">&rarr;<\/span><\/a><\/p>\n","protected":false},"author":2691,"featured_media":0,"comment_status":"open","ping_status":"open","sticky":false,"template":"","format":"standard","meta":{"footnotes":""},"categories":[30,31,28,36],"tags":[],"class_list":["post-12902","post","type-post","status-publish","format-standard","hentry","category-la-rue-grogne","category-ni-frontieres-ni-nations","category-se-trouver","category-solidarite-anationale"],"_links":{"self":[{"href":"https:\/\/pn86.noblogs.org\/index.php?rest_route=\/wp\/v2\/posts\/12902","targetHints":{"allow":["GET"]}}],"collection":[{"href":"https:\/\/pn86.noblogs.org\/index.php?rest_route=\/wp\/v2\/posts"}],"about":[{"href":"https:\/\/pn86.noblogs.org\/index.php?rest_route=\/wp\/v2\/types\/post"}],"author":[{"embeddable":true,"href":"https:\/\/pn86.noblogs.org\/index.php?rest_route=\/wp\/v2\/users\/2691"}],"replies":[{"embeddable":true,"href":"https:\/\/pn86.noblogs.org\/index.php?rest_route=%2Fwp%2Fv2%2Fcomments&post=12902"}],"version-history":[{"count":1,"href":"https:\/\/pn86.noblogs.org\/index.php?rest_route=\/wp\/v2\/posts\/12902\/revisions"}],"predecessor-version":[{"id":12903,"href":"https:\/\/pn86.noblogs.org\/index.php?rest_route=\/wp\/v2\/posts\/12902\/revisions\/12903"}],"wp:attachment":[{"href":"https:\/\/pn86.noblogs.org\/index.php?rest_route=%2Fwp%2Fv2%2Fmedia&parent=12902"}],"wp:term":[{"taxonomy":"category","embeddable":true,"href":"https:\/\/pn86.noblogs.org\/index.php?rest_route=%2Fwp%2Fv2%2Fcategories&post=12902"},{"taxonomy":"post_tag","embeddable":true,"href":"https:\/\/pn86.noblogs.org\/index.php?rest_route=%2Fwp%2Fv2%2Ftags&post=12902"}],"curies":[{"name":"wp","href":"https:\/\/api.w.org\/{rel}","templated":true}]}}