{"id":12900,"date":"2014-11-06T17:18:52","date_gmt":"2014-11-06T16:18:52","guid":{"rendered":"http:\/\/pn86.noblogs.org\/?p=12900"},"modified":"2014-11-06T17:18:52","modified_gmt":"2014-11-06T16:18:52","slug":"poitiers-appel-a-manifester-avec-les-lyceen-ne-s-pour-kamel-et-contre-toutes-les-expulsions","status":"publish","type":"post","link":"https:\/\/pn86.noblogs.org\/?p=12900","title":{"rendered":"[Poitiers] Appel \u00e0 manifester avec les lyc\u00e9en.ne.s pour Kamel et contre toutes les expulsions"},"content":{"rendered":"<p><strong>Appel \u00e0 manifester<\/strong><\/p>\n<p>La Pr\u00e9fecture de la Vienne s\u2019acharne contre Kamel, mineur camerounais et lyc\u00e9en poitevin, enferm\u00e9 en r\u00e9tention depuis 28 jours et toujours menac\u00e9 d\u2019expulsion.<\/p>\n<p>Le Collectif DNSI appelle \u00e0 manifester en nombre avec les lyc\u00e9ens et lyc\u00e9ennes d\u2019Auguste Perret, pour la lib\u00e9ration de leur camarade Kamel, la lev\u00e9e de son Obligation \u00e0 Quitter le Territoire Fran\u00e7ais et la reprise de sa scolarit\u00e9\u2026.<\/p>\n<p><strong>Vendredi 7 novembre \u00e0 13h<\/strong><\/p>\n<p>d\u00e9part de la manif devant le lyc\u00e9e Auguste Perret.<\/p>\n<p><em>DNSI, 6 novembre 2014<\/em><\/p>\n","protected":false},"excerpt":{"rendered":"<p>Appel \u00e0 manifester La Pr\u00e9fecture de la Vienne s\u2019acharne contre Kamel, mineur camerounais et lyc\u00e9en poitevin, enferm\u00e9 en r\u00e9tention depuis 28 jours et toujours menac\u00e9 d\u2019expulsion. Le Collectif DNSI appelle \u00e0 manifester en nombre avec les lyc\u00e9ens et lyc\u00e9ennes d\u2019Auguste &hellip; <a href=\"https:\/\/pn86.noblogs.org\/?p=12900\">Continuer la lecture <span class=\"meta-nav\">&rarr;<\/span><\/a><\/p>\n","protected":false},"author":2691,"featured_media":0,"comment_status":"open","ping_status":"open","sticky":false,"template":"","format":"standard","meta":{"footnotes":""},"categories":[30,31,28,36],"tags":[],"class_list":["post-12900","post","type-post","status-publish","format-standard","hentry","category-la-rue-grogne","category-ni-frontieres-ni-nations","category-se-trouver","category-solidarite-anationale"],"_links":{"self":[{"href":"https:\/\/pn86.noblogs.org\/index.php?rest_route=\/wp\/v2\/posts\/12900","targetHints":{"allow":["GET"]}}],"collection":[{"href":"https:\/\/pn86.noblogs.org\/index.php?rest_route=\/wp\/v2\/posts"}],"about":[{"href":"https:\/\/pn86.noblogs.org\/index.php?rest_route=\/wp\/v2\/types\/post"}],"author":[{"embeddable":true,"href":"https:\/\/pn86.noblogs.org\/index.php?rest_route=\/wp\/v2\/users\/2691"}],"replies":[{"embeddable":true,"href":"https:\/\/pn86.noblogs.org\/index.php?rest_route=%2Fwp%2Fv2%2Fcomments&post=12900"}],"version-history":[{"count":1,"href":"https:\/\/pn86.noblogs.org\/index.php?rest_route=\/wp\/v2\/posts\/12900\/revisions"}],"predecessor-version":[{"id":12901,"href":"https:\/\/pn86.noblogs.org\/index.php?rest_route=\/wp\/v2\/posts\/12900\/revisions\/12901"}],"wp:attachment":[{"href":"https:\/\/pn86.noblogs.org\/index.php?rest_route=%2Fwp%2Fv2%2Fmedia&parent=12900"}],"wp:term":[{"taxonomy":"category","embeddable":true,"href":"https:\/\/pn86.noblogs.org\/index.php?rest_route=%2Fwp%2Fv2%2Fcategories&post=12900"},{"taxonomy":"post_tag","embeddable":true,"href":"https:\/\/pn86.noblogs.org\/index.php?rest_route=%2Fwp%2Fv2%2Ftags&post=12900"}],"curies":[{"name":"wp","href":"https:\/\/api.w.org\/{rel}","templated":true}]}}