{"id":12894,"date":"2014-10-30T03:29:05","date_gmt":"2014-10-30T02:29:05","guid":{"rendered":"http:\/\/pn86.noblogs.org\/?p=12894"},"modified":"2014-10-30T03:29:05","modified_gmt":"2014-10-30T02:29:05","slug":"poitiers-tags-en-centre-ville-apres-la-manifestation","status":"publish","type":"post","link":"https:\/\/pn86.noblogs.org\/?p=12894","title":{"rendered":"POITIERS Tags en centre-ville apr\u00e8s la manifestation"},"content":{"rendered":"<p>Des tags attribu\u00e9s aux anars ont \u00e9t\u00e9 d\u00e9couverts, mardi matin, dans le centre-ville de Poitiers et prestement effac\u00e9s. En plus des slogans antipolice et du symbole anarchiste des \u00ab R\u00e9mi vengeance \u00bb ont aussi \u00e9t\u00e9 retrouv\u00e9s. Ils font suite \u00e0 la manifestation organis\u00e9e lundi soir \u00e0 Poitiers apr\u00e8s la mort dans le Tarn d&rsquo;un militant oppos\u00e9 \u00e0 un projet de barrage.<\/p>\n<p><em><strong>Presse attribu\u00e9e aux bourges (l<a href=\"http:\/\/www.lanouvellerepublique.fr\/Vienne\/Actualite\/Faits-divers-justice\/n\/Contenus\/Articles\/2014\/10\/29\/POITIERS-Tags-en-centre-ville-apres-la-manifestation-2098392\" target=\"_blank\">anouvellerepublique.fr<\/a>), 29 octobre 2014<\/strong><\/em><\/p>\n","protected":false},"excerpt":{"rendered":"<p>Des tags attribu\u00e9s aux anars ont \u00e9t\u00e9 d\u00e9couverts, mardi matin, dans le centre-ville de Poitiers et prestement effac\u00e9s. En plus des slogans antipolice et du symbole anarchiste des \u00ab R\u00e9mi vengeance \u00bb ont aussi \u00e9t\u00e9 retrouv\u00e9s. Ils font suite \u00e0 &hellip; <a href=\"https:\/\/pn86.noblogs.org\/?p=12894\">Continuer la lecture <span class=\"meta-nav\">&rarr;<\/span><\/a><\/p>\n","protected":false},"author":2691,"featured_media":0,"comment_status":"open","ping_status":"open","sticky":false,"template":"","format":"standard","meta":{"footnotes":""},"categories":[37,32,30,33],"tags":[],"class_list":["post-12894","post","type-post","status-publish","format-standard","hentry","category-defense-dafficher","category-desinformation-bourgeoise","category-la-rue-grogne","category-propagande-marchande"],"_links":{"self":[{"href":"https:\/\/pn86.noblogs.org\/index.php?rest_route=\/wp\/v2\/posts\/12894","targetHints":{"allow":["GET"]}}],"collection":[{"href":"https:\/\/pn86.noblogs.org\/index.php?rest_route=\/wp\/v2\/posts"}],"about":[{"href":"https:\/\/pn86.noblogs.org\/index.php?rest_route=\/wp\/v2\/types\/post"}],"author":[{"embeddable":true,"href":"https:\/\/pn86.noblogs.org\/index.php?rest_route=\/wp\/v2\/users\/2691"}],"replies":[{"embeddable":true,"href":"https:\/\/pn86.noblogs.org\/index.php?rest_route=%2Fwp%2Fv2%2Fcomments&post=12894"}],"version-history":[{"count":1,"href":"https:\/\/pn86.noblogs.org\/index.php?rest_route=\/wp\/v2\/posts\/12894\/revisions"}],"predecessor-version":[{"id":12895,"href":"https:\/\/pn86.noblogs.org\/index.php?rest_route=\/wp\/v2\/posts\/12894\/revisions\/12895"}],"wp:attachment":[{"href":"https:\/\/pn86.noblogs.org\/index.php?rest_route=%2Fwp%2Fv2%2Fmedia&parent=12894"}],"wp:term":[{"taxonomy":"category","embeddable":true,"href":"https:\/\/pn86.noblogs.org\/index.php?rest_route=%2Fwp%2Fv2%2Fcategories&post=12894"},{"taxonomy":"post_tag","embeddable":true,"href":"https:\/\/pn86.noblogs.org\/index.php?rest_route=%2Fwp%2Fv2%2Ftags&post=12894"}],"curies":[{"name":"wp","href":"https:\/\/api.w.org\/{rel}","templated":true}]}}