{"id":12888,"date":"2014-10-29T01:25:42","date_gmt":"2014-10-29T00:25:42","guid":{"rendered":"http:\/\/pn86.noblogs.org\/?p=12888"},"modified":"2014-10-29T01:25:42","modified_gmt":"2014-10-29T00:25:42","slug":"poitiers-un-camarade-tue-au-testet-prochains-rdv","status":"publish","type":"post","link":"https:\/\/pn86.noblogs.org\/?p=12888","title":{"rendered":"[Poitiers] Un camarade tu\u00e9 au Testet : prochains RDV"},"content":{"rendered":"<p><strong>UN CAMARADE TU\u00c9 AU TESTET<\/strong><\/p>\n<p><em>30\/10\/2014, pl. Charles de Gaulle (\u00ab place du march\u00e9 \u00bb) \u00e0 Poitiers :<\/em><\/p>\n<p><em>Rendez-vous d\u00e8s <strong>16h00<\/strong>, pour une discussion autour des ZAD et de la r\u00e9pression polici\u00e8re, puis \u00e0 <strong>18h00<\/strong> pour une manifestation<\/em><\/p>\n<p>Pendant la nuit de samedi \u00e0 dimanche, un manifestant, R\u00e9mi, a \u00e9t\u00e9 tu\u00e9 au cours des affrontements qui se sont d\u00e9roul\u00e9s lors du rassemblement contre le barrage de Sivens au Testet. Environ 7000 personnes ont converg\u00e9 sur la ZAD du Testet apr\u00e8s des mois d&rsquo;attaques polici\u00e8res, de destruction de la zone humide et des habitats de celles et ceux qui la d\u00e9fendaient. En fin d&rsquo;apr\u00e8s midi puis plus tard dans la nuit, des dizaines de personnes s&rsquo;en sont prises aux forces de l&rsquo;ordre qui prot\u00e9geaient le chantier. Elles souhaitaient ainsi marquer leur col\u00e8re et retarder la reprise des travaux, initialement pr\u00e9vue pour lundi. Elles ont \u00e9t\u00e9 repouss\u00e9es \u00e0 coups de flashballs, de grenades assourdissantes, de d\u00e9sencerclement et de gaz lacrymog\u00e8nes. D&rsquo;apr\u00e8s les t\u00e9moignages des camarades du Testet, la personne d\u00e9c\u00e9d\u00e9e se serait \u00e9croul\u00e9e suite \u00e0 des tirs de grenade puis aurait \u00e9t\u00e9 emmen\u00e9e par les forces de l&rsquo;ordre. Le gouvernement comme apr\u00e8s chaque \u00ab bavure \u00bb polici\u00e8re stigmatise les manifestant\u00b7e\u00b7s, et tente de diviser pour noyer le poisson. Mais il sait bien que, quoi qu&rsquo;il fasse, cette mort aura des cons\u00e9quences explosives.<\/p>\n<p>Ce d\u00e9c\u00e8s r\u00e9voltant n&rsquo;est malheureusement pas surprenant dans ce contexte. \u00c0 Notre-Dame-des-Landes, au Testet et partout o\u00f9 nous nous opposons \u00e0 leurs desseins, nous avons d\u00fb faire face au d\u00e9ploiement cru de la violence d&rsquo;\u00c9tat. Si nous avons bien compris de notre cot\u00e9 que nous ne pouvions nous contenter de les regarder docilement d\u00e9truire nos vies, eux ont d\u00e9montr\u00e9 qu&rsquo;ils ne nous feraient aucun cadeau. Pendant les mois d&rsquo;expulsion de la ZAD de Notre-Dame-des-Landes, de nombreux\u00b7ses camarades ont \u00e9t\u00e9 bless\u00e9\u00b7e\u00b7s gravement par des tirs de flasballs et grenades. Sur la seule manifestation du 22 f\u00e9vrier 2014 \u00e0 Nantes, 3 personnes, vis\u00e9es \u00e0 la t\u00eate par des flashballs ont perdu un \u0153il. Depuis des semaines au Testet plusieurs personnes ont \u00e9t\u00e9 bless\u00e9es elles aussi et d&rsquo;autres accidents tragiques ont \u00e9t\u00e9 \u00e9vit\u00e9s de justesse lorsque des opposant\u00b7e\u00b7s se sont fait\u00b7e\u00b7s d\u00e9loger, notamment des cabanes qu&rsquo;il\u00b7le\u00b7s avaient construites dans les arbres. Pourtant c&rsquo;est bien, entre autre, parce que des milliers de personnes se sont oppos\u00e9es physiquement aux travaux, aux expulsions, \u00e0 l&rsquo;occupation polici\u00e8re de leurs lieux de vie que le projet d&rsquo;a\u00e9roport de Notre-Dame-des-Landes est aujourd&rsquo;hui moribond, et que le barrage du Testet et ceux qui devaient lui succ\u00e9der sont largement remis en question. C&rsquo;est cet engagement en acte qui a donn\u00e9 une puissance contagieuse \u00e0 ces luttes et qui menace partout aujourd&rsquo;hui l&rsquo;am\u00e9nagement marchand du territoire.<\/p>\n<p>Plus quotidiennement la r\u00e9pression s&rsquo;exerce face \u00e0 celles et ceux qui luttent dans les prisons, dans les quartiers et dans les centres de r\u00e9tention et entra\u00eene l\u00e0 aussi son lot de morts trop souvent oubli\u00e9es, plusieurs dizaines chaque ann\u00e9e. Face aux soul\u00e8vements et insoumissions, la d\u00e9mocratie lib\u00e9rale montre qu&rsquo;elle ne tient pas seulement par la domestication minutieuse des individus et des espaces de vie, ou par les dominations \u00e9conomiques et sociales, mais aussi par un usage d\u00e9termin\u00e9 de la terreur.<\/p>\n<p>Nous appelons \u00e0 occuper les rues et lieux de pouvoir partout, pour marquer notre tristesse, saluer la m\u00e9moire du camarade tu\u00e9 ce samedi et pour exprimer notre col\u00e8re face \u00e0 la violence d&rsquo;\u00c9tat. Nous ne les laisserons pas nous tuer avec leurs armes dites \u00ab non l\u00e9tales \u00bb. R\u00e9agissons avec force pour qu&rsquo;il y ait un avant et un apr\u00e8s cette mort. Affirmons plus fort que jamais notre solidarit\u00e9 avec tou\u00b7te\u00b7s celles et ceux qui luttent au Testet et ailleurs contre leurs projets guid\u00e9s par les logiques de contr\u00f4le et de profit, mais aussi avec tou\u00b7te\u00b7s celles et ceux qui tombent plus silencieusement sous les coups de la r\u00e9pression partout ailleurs. Nous ne nous laisserons ni diviser ni paralyser par la peur. Nous continuerons \u00e0 vivre et lutter sur les espaces qu&rsquo;ils r\u00eavent d&rsquo;an\u00e9antir, et \u00e0 leur faire obstacle.<\/p>\n<p><strong>Nous ne laisserons pas le silence retomber, nous n&rsquo;oublierons pas !<\/strong><\/p>\n<p style=\"text-align: right\"><em>28 octobre 2014, des membres du comit\u00e9 poitevin contre l&rsquo;a\u00e9roport de NDDL et son monde, nonaeroportnddl86 [arrobase] riseup.net<\/em><\/p>\n<p style=\"text-align: right\"><em><strong>source : <a href=\"http:\/\/poitiers.demosphere.eu\/rv\/331\" target=\"_blank\">D\u00e9mosph\u00e8re Poitiers<\/a>, 28 octobre 2014<\/strong><\/em><\/p>\n","protected":false},"excerpt":{"rendered":"<p>UN CAMARADE TU\u00c9 AU TESTET 30\/10\/2014, pl. Charles de Gaulle (\u00ab place du march\u00e9 \u00bb) \u00e0 Poitiers : Rendez-vous d\u00e8s 16h00, pour une discussion autour des ZAD et de la r\u00e9pression polici\u00e8re, puis \u00e0 18h00 pour une manifestation Pendant la &hellip; <a href=\"https:\/\/pn86.noblogs.org\/?p=12888\">Continuer la lecture <span class=\"meta-nav\">&rarr;<\/span><\/a><\/p>\n","protected":false},"author":2691,"featured_media":0,"comment_status":"open","ping_status":"open","sticky":false,"template":"","format":"standard","meta":{"footnotes":""},"categories":[30,27,28],"tags":[],"class_list":["post-12888","post","type-post","status-publish","format-standard","hentry","category-la-rue-grogne","category-repression","category-se-trouver"],"_links":{"self":[{"href":"https:\/\/pn86.noblogs.org\/index.php?rest_route=\/wp\/v2\/posts\/12888","targetHints":{"allow":["GET"]}}],"collection":[{"href":"https:\/\/pn86.noblogs.org\/index.php?rest_route=\/wp\/v2\/posts"}],"about":[{"href":"https:\/\/pn86.noblogs.org\/index.php?rest_route=\/wp\/v2\/types\/post"}],"author":[{"embeddable":true,"href":"https:\/\/pn86.noblogs.org\/index.php?rest_route=\/wp\/v2\/users\/2691"}],"replies":[{"embeddable":true,"href":"https:\/\/pn86.noblogs.org\/index.php?rest_route=%2Fwp%2Fv2%2Fcomments&post=12888"}],"version-history":[{"count":1,"href":"https:\/\/pn86.noblogs.org\/index.php?rest_route=\/wp\/v2\/posts\/12888\/revisions"}],"predecessor-version":[{"id":12889,"href":"https:\/\/pn86.noblogs.org\/index.php?rest_route=\/wp\/v2\/posts\/12888\/revisions\/12889"}],"wp:attachment":[{"href":"https:\/\/pn86.noblogs.org\/index.php?rest_route=%2Fwp%2Fv2%2Fmedia&parent=12888"}],"wp:term":[{"taxonomy":"category","embeddable":true,"href":"https:\/\/pn86.noblogs.org\/index.php?rest_route=%2Fwp%2Fv2%2Fcategories&post=12888"},{"taxonomy":"post_tag","embeddable":true,"href":"https:\/\/pn86.noblogs.org\/index.php?rest_route=%2Fwp%2Fv2%2Ftags&post=12888"}],"curies":[{"name":"wp","href":"https:\/\/api.w.org\/{rel}","templated":true}]}}